{"id":2792,"date":"2025-07-22T10:46:34","date_gmt":"2025-07-22T08:46:34","guid":{"rendered":"https:\/\/ammd.lu\/?p=2792"},"modified":"2025-07-22T11:02:45","modified_gmt":"2025-07-22T09:02:45","slug":"absence-de-reponses-aux-problemes-urgents-du-systeme-de-sante","status":"publish","type":"post","link":"https:\/\/ammd.lu\/fr\/absence-de-reponses-aux-problemes-urgents-du-systeme-de-sante\/","title":{"rendered":"Absence de r\u00e9ponses aux probl\u00e8mes urgents du syst\u00e8me de sant\u00e9"},"content":{"rendered":"<p>Conclusions peu encourageantes \u00e0 l\u2019issue du background de samedi dernier.<br \/>\nLa ministre de la Sant\u00e9 peine \u00e0 reconna\u00eetre la critique fondamentale concernant la gouvernance de la CNS \u2013 une critique pourtant formul\u00e9e par les partis aujourd\u2019hui au pouvoir, avant m\u00eame leur entr\u00e9e en fonction, et int\u00e9gr\u00e9e \u00e0 leur propre accord de coalition.<\/p>\n<p>Son intervention n\u2019a apport\u00e9 aucune r\u00e9ponse concr\u00e8te aux d\u00e9fis majeurs du syst\u00e8me de sant\u00e9:<\/p>\n<p>\u2013 les difficult\u00e9s des soins primaires,<br \/>\n\u2013 l\u2019absence de m\u00e9decine sp\u00e9cialis\u00e9e avanc\u00e9e en cabinet,<br \/>\n\u2013 des d\u00e9lais d\u2019attente devenus inacceptables,<br \/>\n\u2013 et une pression insoutenable sur les h\u00f4pitaux.<\/p>\n<p>Pas un mot, pas une perspective.<br \/>\nIl devient urgent d\u2019engager un dialogue s\u00e9rieux sur la traduction des engagements politiques en r\u00e9formes structurelles tangibles.<\/p>\n<p>Nous faisons r\u00e9f\u00e9rence \u00e0 l&rsquo;interview suivante du 19 juillet 2025 :<a href=\"https:\/\/www.rtl.lu\/radio\/background\/a\/2321949.html\"> https:\/\/www.rtl.lu\/radio\/background\/a\/2321949.html<\/a><\/p>\n","protected":false},"excerpt":{"rendered":"<p>Conclusions peu encourageantes \u00e0 l\u2019issue du background de samedi dernier. La ministre de la Sant\u00e9 peine \u00e0 reconna\u00eetre la critique fondamentale concernant la gouvernance de la CNS \u2013 une critique pourtant formul\u00e9e par les partis aujourd\u2019hui au pouvoir, avant m\u00eame leur entr\u00e9e en fonction, et int\u00e9gr\u00e9e \u00e0 leur propre accord de coalition. Son intervention n\u2019a [&hellip;]<\/p>\n","protected":false},"author":8,"featured_media":2797,"comment_status":"open","ping_status":"closed","sticky":false,"template":"","format":"standard","meta":{"_acf_changed":false,"_bbp_topic_count":0,"_bbp_reply_count":0,"_bbp_total_topic_count":0,"_bbp_total_reply_count":0,"_bbp_voice_count":0,"_bbp_anonymous_reply_count":0,"_bbp_topic_count_hidden":0,"_bbp_reply_count_hidden":0,"_bbp_forum_subforum_count":0,"footnotes":""},"categories":[24],"tags":[52,102,100,98,101],"class_list":["post-2792","post","type-post","status-publish","format-standard","has-post-thumbnail","hentry","category-general-fr","tag-cns-fr","tag-martine-deprez-2","tag-problemes","tag-rtl-2","tag-sante-2"],"acf":[],"yoast_head":"<!-- This site is optimized with the Yoast SEO plugin v26.3 - https:\/\/yoast.com\/wordpress\/plugins\/seo\/ -->\n<title>Absence de r\u00e9ponses aux probl\u00e8mes urgents du syst\u00e8me de sant\u00e9 - Association des M\u00e9decins et M\u00e9decins-Dentistes<\/title>\n<meta name=\"robots\" content=\"index, follow, max-snippet:-1, max-image-preview:large, max-video-preview:-1\" \/>\n<link rel=\"canonical\" href=\"https:\/\/ammd.lu\/fr\/absence-de-reponses-aux-problemes-urgents-du-systeme-de-sante\/\" \/>\n<meta property=\"og:locale\" content=\"fr_FR\" \/>\n<meta property=\"og:type\" content=\"article\" \/>\n<meta property=\"og:title\" content=\"Absence de r\u00e9ponses aux probl\u00e8mes urgents du syst\u00e8me de sant\u00e9 - Association des M\u00e9decins et M\u00e9decins-Dentistes\" \/>\n<meta property=\"og:description\" content=\"Conclusions peu encourageantes \u00e0 l\u2019issue du background de samedi dernier. La ministre de la Sant\u00e9 peine \u00e0 reconna\u00eetre la critique fondamentale concernant la gouvernance de la CNS \u2013 une critique pourtant formul\u00e9e par les partis aujourd\u2019hui au pouvoir, avant m\u00eame leur entr\u00e9e en fonction, et int\u00e9gr\u00e9e \u00e0 leur propre accord de coalition. Son intervention n\u2019a [&hellip;]\" \/>\n<meta property=\"og:url\" content=\"https:\/\/ammd.lu\/fr\/absence-de-reponses-aux-problemes-urgents-du-systeme-de-sante\/\" \/>\n<meta property=\"og:site_name\" content=\"Association des M\u00e9decins et M\u00e9decins-Dentistes\" \/>\n<meta property=\"article:publisher\" content=\"https:\/\/www.facebook.com\/ammd.lu\/\" \/>\n<meta property=\"article:published_time\" content=\"2025-07-22T08:46:34+00:00\" \/>\n<meta property=\"article:modified_time\" content=\"2025-07-22T09:02:45+00:00\" \/>\n<meta property=\"og:image\" content=\"https:\/\/ammd.lu\/wp-content\/uploads\/2025\/07\/AMMD-210725-1024x538.png\" \/>\n\t<meta property=\"og:image:width\" content=\"1024\" \/>\n\t<meta property=\"og:image:height\" content=\"538\" \/>\n\t<meta property=\"og:image:type\" content=\"image\/png\" \/>\n<meta name=\"author\" content=\"Secretariat AMMD\" \/>\n<meta name=\"twitter:card\" content=\"summary_large_image\" \/>\n<meta name=\"twitter:label1\" content=\"\u00c9crit par\" \/>\n\t<meta name=\"twitter:data1\" content=\"Secretariat AMMD\" \/>\n\t<meta name=\"twitter:label2\" content=\"Dur\u00e9e de lecture estim\u00e9e\" \/>\n\t<meta name=\"twitter:data2\" content=\"1 minute\" \/>\n<script type=\"application\/ld+json\" class=\"yoast-schema-graph\">{\"@context\":\"https:\/\/schema.org\",\"@graph\":[{\"@type\":\"Article\",\"@id\":\"https:\/\/ammd.lu\/fr\/absence-de-reponses-aux-problemes-urgents-du-systeme-de-sante\/#article\",\"isPartOf\":{\"@id\":\"https:\/\/ammd.lu\/fr\/absence-de-reponses-aux-problemes-urgents-du-systeme-de-sante\/\"},\"author\":{\"name\":\"Secretariat AMMD\",\"@id\":\"https:\/\/ammd.lu\/fr\/#\/schema\/person\/bc406f5c6cd2e3f891ba4bfc5f50f223\"},\"headline\":\"Absence de r\u00e9ponses aux probl\u00e8mes urgents du syst\u00e8me de sant\u00e9\",\"datePublished\":\"2025-07-22T08:46:34+00:00\",\"dateModified\":\"2025-07-22T09:02:45+00:00\",\"mainEntityOfPage\":{\"@id\":\"https:\/\/ammd.lu\/fr\/absence-de-reponses-aux-problemes-urgents-du-systeme-de-sante\/\"},\"wordCount\":165,\"commentCount\":0,\"publisher\":{\"@id\":\"https:\/\/ammd.lu\/fr\/#organization\"},\"image\":{\"@id\":\"https:\/\/ammd.lu\/fr\/absence-de-reponses-aux-problemes-urgents-du-systeme-de-sante\/#primaryimage\"},\"thumbnailUrl\":\"https:\/\/ammd.lu\/wp-content\/uploads\/2025\/07\/AMMD-210725.png\",\"keywords\":[\"CNS\",\"Martine Deprez\",\"probl\u00e8mes\",\"RTL\",\"Sant\u00e9\"],\"articleSection\":[\"G\u00e9n\u00e9ral\"],\"inLanguage\":\"fr-FR\",\"potentialAction\":[{\"@type\":\"CommentAction\",\"name\":\"Comment\",\"target\":[\"https:\/\/ammd.lu\/fr\/absence-de-reponses-aux-problemes-urgents-du-systeme-de-sante\/#respond\"]}]},{\"@type\":\"WebPage\",\"@id\":\"https:\/\/ammd.lu\/fr\/absence-de-reponses-aux-problemes-urgents-du-systeme-de-sante\/\",\"url\":\"https:\/\/ammd.lu\/fr\/absence-de-reponses-aux-problemes-urgents-du-systeme-de-sante\/\",\"name\":\"Absence de r\u00e9ponses aux probl\u00e8mes urgents du syst\u00e8me de sant\u00e9 - Association des M\u00e9decins et M\u00e9decins-Dentistes\",\"isPartOf\":{\"@id\":\"https:\/\/ammd.lu\/fr\/#website\"},\"primaryImageOfPage\":{\"@id\":\"https:\/\/ammd.lu\/fr\/absence-de-reponses-aux-problemes-urgents-du-systeme-de-sante\/#primaryimage\"},\"image\":{\"@id\":\"https:\/\/ammd.lu\/fr\/absence-de-reponses-aux-problemes-urgents-du-systeme-de-sante\/#primaryimage\"},\"thumbnailUrl\":\"https:\/\/ammd.lu\/wp-content\/uploads\/2025\/07\/AMMD-210725.png\",\"datePublished\":\"2025-07-22T08:46:34+00:00\",\"dateModified\":\"2025-07-22T09:02:45+00:00\",\"breadcrumb\":{\"@id\":\"https:\/\/ammd.lu\/fr\/absence-de-reponses-aux-problemes-urgents-du-systeme-de-sante\/#breadcrumb\"},\"inLanguage\":\"fr-FR\",\"potentialAction\":[{\"@type\":\"ReadAction\",\"target\":[\"https:\/\/ammd.lu\/fr\/absence-de-reponses-aux-problemes-urgents-du-systeme-de-sante\/\"]}]},{\"@type\":\"ImageObject\",\"inLanguage\":\"fr-FR\",\"@id\":\"https:\/\/ammd.lu\/fr\/absence-de-reponses-aux-problemes-urgents-du-systeme-de-sante\/#primaryimage\",\"url\":\"https:\/\/ammd.lu\/wp-content\/uploads\/2025\/07\/AMMD-210725.png\",\"contentUrl\":\"https:\/\/ammd.lu\/wp-content\/uploads\/2025\/07\/AMMD-210725.png\",\"width\":2400,\"height\":1260},{\"@type\":\"BreadcrumbList\",\"@id\":\"https:\/\/ammd.lu\/fr\/absence-de-reponses-aux-problemes-urgents-du-systeme-de-sante\/#breadcrumb\",\"itemListElement\":[{\"@type\":\"ListItem\",\"position\":1,\"name\":\"Accueil\",\"item\":\"https:\/\/ammd.lu\/fr\/\"},{\"@type\":\"ListItem\",\"position\":2,\"name\":\"Absence de r\u00e9ponses aux probl\u00e8mes urgents du syst\u00e8me de sant\u00e9\"}]},{\"@type\":\"WebSite\",\"@id\":\"https:\/\/ammd.lu\/fr\/#website\",\"url\":\"https:\/\/ammd.lu\/fr\/\",\"name\":\"Association des M\u00e9decins et M\u00e9decins-Dentistes\",\"description\":\"AMMD\",\"publisher\":{\"@id\":\"https:\/\/ammd.lu\/fr\/#organization\"},\"potentialAction\":[{\"@type\":\"SearchAction\",\"target\":{\"@type\":\"EntryPoint\",\"urlTemplate\":\"https:\/\/ammd.lu\/fr\/?s={search_term_string}\"},\"query-input\":{\"@type\":\"PropertyValueSpecification\",\"valueRequired\":true,\"valueName\":\"search_term_string\"}}],\"inLanguage\":\"fr-FR\"},{\"@type\":\"Organization\",\"@id\":\"https:\/\/ammd.lu\/fr\/#organization\",\"name\":\"Association des M\u00e9decins et M\u00e9decins-Dentistes\",\"url\":\"https:\/\/ammd.lu\/fr\/\",\"logo\":{\"@type\":\"ImageObject\",\"inLanguage\":\"fr-FR\",\"@id\":\"https:\/\/ammd.lu\/fr\/#\/schema\/logo\/image\/\",\"url\":\"https:\/\/ammd.lu\/wp-content\/uploads\/2025\/03\/AMMD-Open-graph-image.png\",\"contentUrl\":\"https:\/\/ammd.lu\/wp-content\/uploads\/2025\/03\/AMMD-Open-graph-image.png\",\"width\":1200,\"height\":630,\"caption\":\"Association des M\u00e9decins et M\u00e9decins-Dentistes\"},\"image\":{\"@id\":\"https:\/\/ammd.lu\/fr\/#\/schema\/logo\/image\/\"},\"sameAs\":[\"https:\/\/www.facebook.com\/ammd.lu\/\"]},{\"@type\":\"Person\",\"@id\":\"https:\/\/ammd.lu\/fr\/#\/schema\/person\/bc406f5c6cd2e3f891ba4bfc5f50f223\",\"name\":\"Secretariat AMMD\",\"image\":{\"@type\":\"ImageObject\",\"inLanguage\":\"fr-FR\",\"@id\":\"https:\/\/ammd.lu\/fr\/#\/schema\/person\/image\/\",\"url\":\"https:\/\/secure.gravatar.com\/avatar\/3576d453e83e903e031799026e935e617c3b415d013965ea328e23d71d039d54?s=96&d=mm&r=g\",\"contentUrl\":\"https:\/\/secure.gravatar.com\/avatar\/3576d453e83e903e031799026e935e617c3b415d013965ea328e23d71d039d54?s=96&d=mm&r=g\",\"caption\":\"Secretariat AMMD\"}}]}<\/script>\n<!-- \/ Yoast SEO plugin. -->","yoast_head_json":{"title":"Absence de r\u00e9ponses aux probl\u00e8mes urgents du syst\u00e8me de sant\u00e9 - Association des M\u00e9decins et M\u00e9decins-Dentistes","robots":{"index":"index","follow":"follow","max-snippet":"max-snippet:-1","max-image-preview":"max-image-preview:large","max-video-preview":"max-video-preview:-1"},"canonical":"https:\/\/ammd.lu\/fr\/absence-de-reponses-aux-problemes-urgents-du-systeme-de-sante\/","og_locale":"fr_FR","og_type":"article","og_title":"Absence de r\u00e9ponses aux probl\u00e8mes urgents du syst\u00e8me de sant\u00e9 - Association des M\u00e9decins et M\u00e9decins-Dentistes","og_description":"Conclusions peu encourageantes \u00e0 l\u2019issue du background de samedi dernier. La ministre de la Sant\u00e9 peine \u00e0 reconna\u00eetre la critique fondamentale concernant la gouvernance de la CNS \u2013 une critique pourtant formul\u00e9e par les partis aujourd\u2019hui au pouvoir, avant m\u00eame leur entr\u00e9e en fonction, et int\u00e9gr\u00e9e \u00e0 leur propre accord de coalition. Son intervention n\u2019a [&hellip;]","og_url":"https:\/\/ammd.lu\/fr\/absence-de-reponses-aux-problemes-urgents-du-systeme-de-sante\/","og_site_name":"Association des M\u00e9decins et M\u00e9decins-Dentistes","article_publisher":"https:\/\/www.facebook.com\/ammd.lu\/","article_published_time":"2025-07-22T08:46:34+00:00","article_modified_time":"2025-07-22T09:02:45+00:00","og_image":[{"width":1024,"height":538,"url":"https:\/\/ammd.lu\/wp-content\/uploads\/2025\/07\/AMMD-210725-1024x538.png","type":"image\/png"}],"author":"Secretariat AMMD","twitter_card":"summary_large_image","twitter_misc":{"\u00c9crit par":"Secretariat AMMD","Dur\u00e9e de lecture estim\u00e9e":"1 minute"},"schema":{"@context":"https:\/\/schema.org","@graph":[{"@type":"Article","@id":"https:\/\/ammd.lu\/fr\/absence-de-reponses-aux-problemes-urgents-du-systeme-de-sante\/#article","isPartOf":{"@id":"https:\/\/ammd.lu\/fr\/absence-de-reponses-aux-problemes-urgents-du-systeme-de-sante\/"},"author":{"name":"Secretariat AMMD","@id":"https:\/\/ammd.lu\/fr\/#\/schema\/person\/bc406f5c6cd2e3f891ba4bfc5f50f223"},"headline":"Absence de r\u00e9ponses aux probl\u00e8mes urgents du syst\u00e8me de sant\u00e9","datePublished":"2025-07-22T08:46:34+00:00","dateModified":"2025-07-22T09:02:45+00:00","mainEntityOfPage":{"@id":"https:\/\/ammd.lu\/fr\/absence-de-reponses-aux-problemes-urgents-du-systeme-de-sante\/"},"wordCount":165,"commentCount":0,"publisher":{"@id":"https:\/\/ammd.lu\/fr\/#organization"},"image":{"@id":"https:\/\/ammd.lu\/fr\/absence-de-reponses-aux-problemes-urgents-du-systeme-de-sante\/#primaryimage"},"thumbnailUrl":"https:\/\/ammd.lu\/wp-content\/uploads\/2025\/07\/AMMD-210725.png","keywords":["CNS","Martine Deprez","probl\u00e8mes","RTL","Sant\u00e9"],"articleSection":["G\u00e9n\u00e9ral"],"inLanguage":"fr-FR","potentialAction":[{"@type":"CommentAction","name":"Comment","target":["https:\/\/ammd.lu\/fr\/absence-de-reponses-aux-problemes-urgents-du-systeme-de-sante\/#respond"]}]},{"@type":"WebPage","@id":"https:\/\/ammd.lu\/fr\/absence-de-reponses-aux-problemes-urgents-du-systeme-de-sante\/","url":"https:\/\/ammd.lu\/fr\/absence-de-reponses-aux-problemes-urgents-du-systeme-de-sante\/","name":"Absence de r\u00e9ponses aux probl\u00e8mes urgents du syst\u00e8me de sant\u00e9 - Association des M\u00e9decins et M\u00e9decins-Dentistes","isPartOf":{"@id":"https:\/\/ammd.lu\/fr\/#website"},"primaryImageOfPage":{"@id":"https:\/\/ammd.lu\/fr\/absence-de-reponses-aux-problemes-urgents-du-systeme-de-sante\/#primaryimage"},"image":{"@id":"https:\/\/ammd.lu\/fr\/absence-de-reponses-aux-problemes-urgents-du-systeme-de-sante\/#primaryimage"},"thumbnailUrl":"https:\/\/ammd.lu\/wp-content\/uploads\/2025\/07\/AMMD-210725.png","datePublished":"2025-07-22T08:46:34+00:00","dateModified":"2025-07-22T09:02:45+00:00","breadcrumb":{"@id":"https:\/\/ammd.lu\/fr\/absence-de-reponses-aux-problemes-urgents-du-systeme-de-sante\/#breadcrumb"},"inLanguage":"fr-FR","potentialAction":[{"@type":"ReadAction","target":["https:\/\/ammd.lu\/fr\/absence-de-reponses-aux-problemes-urgents-du-systeme-de-sante\/"]}]},{"@type":"ImageObject","inLanguage":"fr-FR","@id":"https:\/\/ammd.lu\/fr\/absence-de-reponses-aux-problemes-urgents-du-systeme-de-sante\/#primaryimage","url":"https:\/\/ammd.lu\/wp-content\/uploads\/2025\/07\/AMMD-210725.png","contentUrl":"https:\/\/ammd.lu\/wp-content\/uploads\/2025\/07\/AMMD-210725.png","width":2400,"height":1260},{"@type":"BreadcrumbList","@id":"https:\/\/ammd.lu\/fr\/absence-de-reponses-aux-problemes-urgents-du-systeme-de-sante\/#breadcrumb","itemListElement":[{"@type":"ListItem","position":1,"name":"Accueil","item":"https:\/\/ammd.lu\/fr\/"},{"@type":"ListItem","position":2,"name":"Absence de r\u00e9ponses aux probl\u00e8mes urgents du syst\u00e8me de sant\u00e9"}]},{"@type":"WebSite","@id":"https:\/\/ammd.lu\/fr\/#website","url":"https:\/\/ammd.lu\/fr\/","name":"Association des M\u00e9decins et M\u00e9decins-Dentistes","description":"AMMD","publisher":{"@id":"https:\/\/ammd.lu\/fr\/#organization"},"potentialAction":[{"@type":"SearchAction","target":{"@type":"EntryPoint","urlTemplate":"https:\/\/ammd.lu\/fr\/?s={search_term_string}"},"query-input":{"@type":"PropertyValueSpecification","valueRequired":true,"valueName":"search_term_string"}}],"inLanguage":"fr-FR"},{"@type":"Organization","@id":"https:\/\/ammd.lu\/fr\/#organization","name":"Association des M\u00e9decins et M\u00e9decins-Dentistes","url":"https:\/\/ammd.lu\/fr\/","logo":{"@type":"ImageObject","inLanguage":"fr-FR","@id":"https:\/\/ammd.lu\/fr\/#\/schema\/logo\/image\/","url":"https:\/\/ammd.lu\/wp-content\/uploads\/2025\/03\/AMMD-Open-graph-image.png","contentUrl":"https:\/\/ammd.lu\/wp-content\/uploads\/2025\/03\/AMMD-Open-graph-image.png","width":1200,"height":630,"caption":"Association des M\u00e9decins et M\u00e9decins-Dentistes"},"image":{"@id":"https:\/\/ammd.lu\/fr\/#\/schema\/logo\/image\/"},"sameAs":["https:\/\/www.facebook.com\/ammd.lu\/"]},{"@type":"Person","@id":"https:\/\/ammd.lu\/fr\/#\/schema\/person\/bc406f5c6cd2e3f891ba4bfc5f50f223","name":"Secretariat AMMD","image":{"@type":"ImageObject","inLanguage":"fr-FR","@id":"https:\/\/ammd.lu\/fr\/#\/schema\/person\/image\/","url":"https:\/\/secure.gravatar.com\/avatar\/3576d453e83e903e031799026e935e617c3b415d013965ea328e23d71d039d54?s=96&d=mm&r=g","contentUrl":"https:\/\/secure.gravatar.com\/avatar\/3576d453e83e903e031799026e935e617c3b415d013965ea328e23d71d039d54?s=96&d=mm&r=g","caption":"Secretariat AMMD"}}]}},"_links":{"self":[{"href":"https:\/\/ammd.lu\/fr\/wp-json\/wp\/v2\/posts\/2792","targetHints":{"allow":["GET"]}}],"collection":[{"href":"https:\/\/ammd.lu\/fr\/wp-json\/wp\/v2\/posts"}],"about":[{"href":"https:\/\/ammd.lu\/fr\/wp-json\/wp\/v2\/types\/post"}],"author":[{"embeddable":true,"href":"https:\/\/ammd.lu\/fr\/wp-json\/wp\/v2\/users\/8"}],"replies":[{"embeddable":true,"href":"https:\/\/ammd.lu\/fr\/wp-json\/wp\/v2\/comments?post=2792"}],"version-history":[{"count":3,"href":"https:\/\/ammd.lu\/fr\/wp-json\/wp\/v2\/posts\/2792\/revisions"}],"predecessor-version":[{"id":2801,"href":"https:\/\/ammd.lu\/fr\/wp-json\/wp\/v2\/posts\/2792\/revisions\/2801"}],"wp:featuredmedia":[{"embeddable":true,"href":"https:\/\/ammd.lu\/fr\/wp-json\/wp\/v2\/media\/2797"}],"wp:attachment":[{"href":"https:\/\/ammd.lu\/fr\/wp-json\/wp\/v2\/media?parent=2792"}],"wp:term":[{"taxonomy":"category","embeddable":true,"href":"https:\/\/ammd.lu\/fr\/wp-json\/wp\/v2\/categories?post=2792"},{"taxonomy":"post_tag","embeddable":true,"href":"https:\/\/ammd.lu\/fr\/wp-json\/wp\/v2\/tags?post=2792"}],"curies":[{"name":"wp","href":"https:\/\/api.w.org\/{rel}","templated":true}]}}