{"id":1922,"date":"2024-05-16T11:43:50","date_gmt":"2024-05-16T09:43:50","guid":{"rendered":"https:\/\/ammd.goneon.lu\/?p=1922"},"modified":"2025-02-07T11:44:41","modified_gmt":"2025-02-07T10:44:41","slug":"du-portugal-au-luxembourg-first-etend-son-expertise","status":"publish","type":"post","link":"https:\/\/ammd.lu\/fr\/du-portugal-au-luxembourg-first-etend-son-expertise\/","title":{"rendered":"Du Portugal au Luxembourg : FIRST \u00e9tend son expertise"},"content":{"rendered":"<div class=\"xdj266r x11i5rnm xat24cr x1mh8g0r x1vvkbs x126k92a\">\n<div dir=\"auto\">Hier, Dr. Schmit et Dr. Steichen ont rencontr\u00e9 Eng. Rui Salgado, directeur de First Solutions (<span class=\"html-span xdj266r x11i5rnm xat24cr x1mh8g0r xexx8yu x4uap5 x18d9i69 xkhd6sd x1hl2dhg x16tdsg8 x1vvkbs\"><a class=\"x1i10hfl xjbqb8w x1ejq31n xd10rxx x1sy0etr x17r0tee x972fbf xcfux6l x1qhh985 xm0m39n x9f619 x1ypdohk xt0psk2 xe8uvvx xdj266r x11i5rnm xat24cr x1mh8g0r xexx8yu x4uap5 x18d9i69 xkhd6sd x16tdsg8 x1hl2dhg xggy1nq x1a2a7pz x1sur9pj xkrqix3 x1fey0fg x1s688f\" tabindex=\"0\" role=\"link\" href=\"https:\/\/www.facebook.com\/GrupoFirst?__cft__[0]=AZU2ZRZ-R26f_mH2gR4TvDUeMMg6GMgU0Tyun93XvX58ggHd6Ml-fw1HeFAAufEKGnK9WfMmwJgPNGZ5Y-6za3QhiAnvTMOYAO1W4xNMCY3-pcDTk2svLT6mWdNFzP6m-Gz3HGLbuE-YGAzMQjFke0DD5ggrtMzwZFuYKNyqsbq9Q8tYf3vgXpnkD6bdEz9FjxM&amp;__tn__=-]K-R\"><span class=\"xt0psk2\">Grupo First &#8211; Sistemas de Informa\u00e7\u00e3o<\/span><\/a><\/span>) afin d&rsquo;exposer le succ\u00e8s de sa solution digitale au Portugal et d&rsquo;explorer les possibilit\u00e9s qu&rsquo;elle offre pour le Luxembourg.<\/div>\n<\/div>\n<div class=\"x11i5rnm xat24cr x1mh8g0r x1vvkbs xtlvy1s x126k92a\">\n<div dir=\"auto\">FIRST propose un logiciel de gestion de cabinet m\u00e9dical et compte actuellement environ 200 cliniques au Portugal, g\u00e9rant le processus clinique de pratiquement 4 millions de Portugais.<\/div>\n<\/div>\n<div class=\"x11i5rnm xat24cr x1mh8g0r x1vvkbs xtlvy1s x126k92a\">\n<div dir=\"auto\">Apr\u00e8s une expansion internationale en Espagne et en Italie, FIRST a l&rsquo;intention d&rsquo;aborder le march\u00e9 luxembourgeois, avec un processus de gestion administrative et clinique int\u00e9gr\u00e9.<\/div>\n<\/div>\n","protected":false},"excerpt":{"rendered":"<p>Hier, Dr. Schmit et Dr. Steichen ont rencontr\u00e9 Eng. Rui Salgado, directeur de First Solutions (Grupo First &#8211; Sistemas de Informa\u00e7\u00e3o) afin d&rsquo;exposer le succ\u00e8s de sa solution digitale au Portugal et d&rsquo;explorer les possibilit\u00e9s qu&rsquo;elle offre pour le Luxembourg. FIRST propose un logiciel de gestion de cabinet m\u00e9dical et compte actuellement environ 200 cliniques [&hellip;]<\/p>\n","protected":false},"author":8,"featured_media":1645,"comment_status":"open","ping_status":"closed","sticky":false,"template":"","format":"standard","meta":{"_acf_changed":false,"_bbp_topic_count":0,"_bbp_reply_count":0,"_bbp_total_topic_count":0,"_bbp_total_reply_count":0,"_bbp_voice_count":0,"_bbp_anonymous_reply_count":0,"_bbp_topic_count_hidden":0,"_bbp_reply_count_hidden":0,"_bbp_forum_subforum_count":0,"footnotes":""},"categories":[24],"tags":[],"class_list":["post-1922","post","type-post","status-publish","format-standard","has-post-thumbnail","hentry","category-general-fr"],"acf":[],"yoast_head":"<!-- This site is optimized with the Yoast SEO plugin v26.3 - https:\/\/yoast.com\/wordpress\/plugins\/seo\/ -->\n<title>Du Portugal au Luxembourg : FIRST \u00e9tend son expertise - Association des M\u00e9decins et M\u00e9decins-Dentistes<\/title>\n<meta name=\"robots\" content=\"index, follow, max-snippet:-1, max-image-preview:large, max-video-preview:-1\" \/>\n<link rel=\"canonical\" href=\"https:\/\/ammd.lu\/fr\/du-portugal-au-luxembourg-first-etend-son-expertise\/\" \/>\n<meta property=\"og:locale\" content=\"fr_FR\" \/>\n<meta property=\"og:type\" content=\"article\" \/>\n<meta property=\"og:title\" content=\"Du Portugal au Luxembourg : FIRST \u00e9tend son expertise - Association des M\u00e9decins et M\u00e9decins-Dentistes\" \/>\n<meta property=\"og:description\" content=\"Hier, Dr. Schmit et Dr. Steichen ont rencontr\u00e9 Eng. Rui Salgado, directeur de First Solutions (Grupo First &#8211; Sistemas de Informa\u00e7\u00e3o) afin d&rsquo;exposer le succ\u00e8s de sa solution digitale au Portugal et d&rsquo;explorer les possibilit\u00e9s qu&rsquo;elle offre pour le Luxembourg. FIRST propose un logiciel de gestion de cabinet m\u00e9dical et compte actuellement environ 200 cliniques [&hellip;]\" \/>\n<meta property=\"og:url\" content=\"https:\/\/ammd.lu\/fr\/du-portugal-au-luxembourg-first-etend-son-expertise\/\" \/>\n<meta property=\"og:site_name\" content=\"Association des M\u00e9decins et M\u00e9decins-Dentistes\" \/>\n<meta property=\"article:publisher\" content=\"https:\/\/www.facebook.com\/ammd.lu\/\" \/>\n<meta property=\"article:published_time\" content=\"2024-05-16T09:43:50+00:00\" \/>\n<meta property=\"article:modified_time\" content=\"2025-02-07T10:44:41+00:00\" \/>\n<meta property=\"og:image\" content=\"https:\/\/ammd.lu\/wp-content\/uploads\/2025\/02\/436209983_986247059867006_7766152860643302685_n.jpg\" \/>\n\t<meta property=\"og:image:width\" content=\"2048\" \/>\n\t<meta property=\"og:image:height\" content=\"1536\" \/>\n\t<meta property=\"og:image:type\" content=\"image\/jpeg\" \/>\n<meta name=\"author\" content=\"Secretariat AMMD\" \/>\n<meta name=\"twitter:card\" content=\"summary_large_image\" \/>\n<meta name=\"twitter:label1\" content=\"\u00c9crit par\" \/>\n\t<meta name=\"twitter:data1\" content=\"Secretariat AMMD\" \/>\n\t<meta name=\"twitter:label2\" content=\"Dur\u00e9e de lecture estim\u00e9e\" \/>\n\t<meta name=\"twitter:data2\" content=\"1 minute\" \/>\n<script type=\"application\/ld+json\" class=\"yoast-schema-graph\">{\"@context\":\"https:\/\/schema.org\",\"@graph\":[{\"@type\":\"Article\",\"@id\":\"https:\/\/ammd.lu\/fr\/du-portugal-au-luxembourg-first-etend-son-expertise\/#article\",\"isPartOf\":{\"@id\":\"https:\/\/ammd.lu\/fr\/du-portugal-au-luxembourg-first-etend-son-expertise\/\"},\"author\":{\"name\":\"Secretariat AMMD\",\"@id\":\"https:\/\/ammd.lu\/fr\/#\/schema\/person\/bc406f5c6cd2e3f891ba4bfc5f50f223\"},\"headline\":\"Du Portugal au Luxembourg : FIRST \u00e9tend son expertise\",\"datePublished\":\"2024-05-16T09:43:50+00:00\",\"dateModified\":\"2025-02-07T10:44:41+00:00\",\"mainEntityOfPage\":{\"@id\":\"https:\/\/ammd.lu\/fr\/du-portugal-au-luxembourg-first-etend-son-expertise\/\"},\"wordCount\":110,\"commentCount\":0,\"publisher\":{\"@id\":\"https:\/\/ammd.lu\/fr\/#organization\"},\"image\":{\"@id\":\"https:\/\/ammd.lu\/fr\/du-portugal-au-luxembourg-first-etend-son-expertise\/#primaryimage\"},\"thumbnailUrl\":\"https:\/\/ammd.lu\/wp-content\/uploads\/2025\/02\/436209983_986247059867006_7766152860643302685_n.jpg\",\"articleSection\":[\"G\u00e9n\u00e9ral\"],\"inLanguage\":\"fr-FR\",\"potentialAction\":[{\"@type\":\"CommentAction\",\"name\":\"Comment\",\"target\":[\"https:\/\/ammd.lu\/fr\/du-portugal-au-luxembourg-first-etend-son-expertise\/#respond\"]}]},{\"@type\":\"WebPage\",\"@id\":\"https:\/\/ammd.lu\/fr\/du-portugal-au-luxembourg-first-etend-son-expertise\/\",\"url\":\"https:\/\/ammd.lu\/fr\/du-portugal-au-luxembourg-first-etend-son-expertise\/\",\"name\":\"Du Portugal au Luxembourg : FIRST \u00e9tend son expertise - Association des M\u00e9decins et M\u00e9decins-Dentistes\",\"isPartOf\":{\"@id\":\"https:\/\/ammd.lu\/fr\/#website\"},\"primaryImageOfPage\":{\"@id\":\"https:\/\/ammd.lu\/fr\/du-portugal-au-luxembourg-first-etend-son-expertise\/#primaryimage\"},\"image\":{\"@id\":\"https:\/\/ammd.lu\/fr\/du-portugal-au-luxembourg-first-etend-son-expertise\/#primaryimage\"},\"thumbnailUrl\":\"https:\/\/ammd.lu\/wp-content\/uploads\/2025\/02\/436209983_986247059867006_7766152860643302685_n.jpg\",\"datePublished\":\"2024-05-16T09:43:50+00:00\",\"dateModified\":\"2025-02-07T10:44:41+00:00\",\"breadcrumb\":{\"@id\":\"https:\/\/ammd.lu\/fr\/du-portugal-au-luxembourg-first-etend-son-expertise\/#breadcrumb\"},\"inLanguage\":\"fr-FR\",\"potentialAction\":[{\"@type\":\"ReadAction\",\"target\":[\"https:\/\/ammd.lu\/fr\/du-portugal-au-luxembourg-first-etend-son-expertise\/\"]}]},{\"@type\":\"ImageObject\",\"inLanguage\":\"fr-FR\",\"@id\":\"https:\/\/ammd.lu\/fr\/du-portugal-au-luxembourg-first-etend-son-expertise\/#primaryimage\",\"url\":\"https:\/\/ammd.lu\/wp-content\/uploads\/2025\/02\/436209983_986247059867006_7766152860643302685_n.jpg\",\"contentUrl\":\"https:\/\/ammd.lu\/wp-content\/uploads\/2025\/02\/436209983_986247059867006_7766152860643302685_n.jpg\",\"width\":2048,\"height\":1536},{\"@type\":\"BreadcrumbList\",\"@id\":\"https:\/\/ammd.lu\/fr\/du-portugal-au-luxembourg-first-etend-son-expertise\/#breadcrumb\",\"itemListElement\":[{\"@type\":\"ListItem\",\"position\":1,\"name\":\"Accueil\",\"item\":\"https:\/\/ammd.lu\/fr\/\"},{\"@type\":\"ListItem\",\"position\":2,\"name\":\"Du Portugal au Luxembourg : FIRST \u00e9tend son expertise\"}]},{\"@type\":\"WebSite\",\"@id\":\"https:\/\/ammd.lu\/fr\/#website\",\"url\":\"https:\/\/ammd.lu\/fr\/\",\"name\":\"Association des M\u00e9decins et M\u00e9decins-Dentistes\",\"description\":\"AMMD\",\"publisher\":{\"@id\":\"https:\/\/ammd.lu\/fr\/#organization\"},\"potentialAction\":[{\"@type\":\"SearchAction\",\"target\":{\"@type\":\"EntryPoint\",\"urlTemplate\":\"https:\/\/ammd.lu\/fr\/?s={search_term_string}\"},\"query-input\":{\"@type\":\"PropertyValueSpecification\",\"valueRequired\":true,\"valueName\":\"search_term_string\"}}],\"inLanguage\":\"fr-FR\"},{\"@type\":\"Organization\",\"@id\":\"https:\/\/ammd.lu\/fr\/#organization\",\"name\":\"Association des M\u00e9decins et M\u00e9decins-Dentistes\",\"url\":\"https:\/\/ammd.lu\/fr\/\",\"logo\":{\"@type\":\"ImageObject\",\"inLanguage\":\"fr-FR\",\"@id\":\"https:\/\/ammd.lu\/fr\/#\/schema\/logo\/image\/\",\"url\":\"https:\/\/ammd.lu\/wp-content\/uploads\/2025\/03\/AMMD-Open-graph-image.png\",\"contentUrl\":\"https:\/\/ammd.lu\/wp-content\/uploads\/2025\/03\/AMMD-Open-graph-image.png\",\"width\":1200,\"height\":630,\"caption\":\"Association des M\u00e9decins et M\u00e9decins-Dentistes\"},\"image\":{\"@id\":\"https:\/\/ammd.lu\/fr\/#\/schema\/logo\/image\/\"},\"sameAs\":[\"https:\/\/www.facebook.com\/ammd.lu\/\"]},{\"@type\":\"Person\",\"@id\":\"https:\/\/ammd.lu\/fr\/#\/schema\/person\/bc406f5c6cd2e3f891ba4bfc5f50f223\",\"name\":\"Secretariat AMMD\",\"image\":{\"@type\":\"ImageObject\",\"inLanguage\":\"fr-FR\",\"@id\":\"https:\/\/ammd.lu\/fr\/#\/schema\/person\/image\/\",\"url\":\"https:\/\/secure.gravatar.com\/avatar\/3576d453e83e903e031799026e935e617c3b415d013965ea328e23d71d039d54?s=96&d=mm&r=g\",\"contentUrl\":\"https:\/\/secure.gravatar.com\/avatar\/3576d453e83e903e031799026e935e617c3b415d013965ea328e23d71d039d54?s=96&d=mm&r=g\",\"caption\":\"Secretariat AMMD\"}}]}<\/script>\n<!-- \/ Yoast SEO plugin. -->","yoast_head_json":{"title":"Du Portugal au Luxembourg : FIRST \u00e9tend son expertise - Association des M\u00e9decins et M\u00e9decins-Dentistes","robots":{"index":"index","follow":"follow","max-snippet":"max-snippet:-1","max-image-preview":"max-image-preview:large","max-video-preview":"max-video-preview:-1"},"canonical":"https:\/\/ammd.lu\/fr\/du-portugal-au-luxembourg-first-etend-son-expertise\/","og_locale":"fr_FR","og_type":"article","og_title":"Du Portugal au Luxembourg : FIRST \u00e9tend son expertise - Association des M\u00e9decins et M\u00e9decins-Dentistes","og_description":"Hier, Dr. Schmit et Dr. Steichen ont rencontr\u00e9 Eng. Rui Salgado, directeur de First Solutions (Grupo First &#8211; Sistemas de Informa\u00e7\u00e3o) afin d&rsquo;exposer le succ\u00e8s de sa solution digitale au Portugal et d&rsquo;explorer les possibilit\u00e9s qu&rsquo;elle offre pour le Luxembourg. FIRST propose un logiciel de gestion de cabinet m\u00e9dical et compte actuellement environ 200 cliniques [&hellip;]","og_url":"https:\/\/ammd.lu\/fr\/du-portugal-au-luxembourg-first-etend-son-expertise\/","og_site_name":"Association des M\u00e9decins et M\u00e9decins-Dentistes","article_publisher":"https:\/\/www.facebook.com\/ammd.lu\/","article_published_time":"2024-05-16T09:43:50+00:00","article_modified_time":"2025-02-07T10:44:41+00:00","og_image":[{"width":2048,"height":1536,"url":"https:\/\/ammd.lu\/wp-content\/uploads\/2025\/02\/436209983_986247059867006_7766152860643302685_n.jpg","type":"image\/jpeg"}],"author":"Secretariat AMMD","twitter_card":"summary_large_image","twitter_misc":{"\u00c9crit par":"Secretariat AMMD","Dur\u00e9e de lecture estim\u00e9e":"1 minute"},"schema":{"@context":"https:\/\/schema.org","@graph":[{"@type":"Article","@id":"https:\/\/ammd.lu\/fr\/du-portugal-au-luxembourg-first-etend-son-expertise\/#article","isPartOf":{"@id":"https:\/\/ammd.lu\/fr\/du-portugal-au-luxembourg-first-etend-son-expertise\/"},"author":{"name":"Secretariat AMMD","@id":"https:\/\/ammd.lu\/fr\/#\/schema\/person\/bc406f5c6cd2e3f891ba4bfc5f50f223"},"headline":"Du Portugal au Luxembourg : FIRST \u00e9tend son expertise","datePublished":"2024-05-16T09:43:50+00:00","dateModified":"2025-02-07T10:44:41+00:00","mainEntityOfPage":{"@id":"https:\/\/ammd.lu\/fr\/du-portugal-au-luxembourg-first-etend-son-expertise\/"},"wordCount":110,"commentCount":0,"publisher":{"@id":"https:\/\/ammd.lu\/fr\/#organization"},"image":{"@id":"https:\/\/ammd.lu\/fr\/du-portugal-au-luxembourg-first-etend-son-expertise\/#primaryimage"},"thumbnailUrl":"https:\/\/ammd.lu\/wp-content\/uploads\/2025\/02\/436209983_986247059867006_7766152860643302685_n.jpg","articleSection":["G\u00e9n\u00e9ral"],"inLanguage":"fr-FR","potentialAction":[{"@type":"CommentAction","name":"Comment","target":["https:\/\/ammd.lu\/fr\/du-portugal-au-luxembourg-first-etend-son-expertise\/#respond"]}]},{"@type":"WebPage","@id":"https:\/\/ammd.lu\/fr\/du-portugal-au-luxembourg-first-etend-son-expertise\/","url":"https:\/\/ammd.lu\/fr\/du-portugal-au-luxembourg-first-etend-son-expertise\/","name":"Du Portugal au Luxembourg : FIRST \u00e9tend son expertise - Association des M\u00e9decins et M\u00e9decins-Dentistes","isPartOf":{"@id":"https:\/\/ammd.lu\/fr\/#website"},"primaryImageOfPage":{"@id":"https:\/\/ammd.lu\/fr\/du-portugal-au-luxembourg-first-etend-son-expertise\/#primaryimage"},"image":{"@id":"https:\/\/ammd.lu\/fr\/du-portugal-au-luxembourg-first-etend-son-expertise\/#primaryimage"},"thumbnailUrl":"https:\/\/ammd.lu\/wp-content\/uploads\/2025\/02\/436209983_986247059867006_7766152860643302685_n.jpg","datePublished":"2024-05-16T09:43:50+00:00","dateModified":"2025-02-07T10:44:41+00:00","breadcrumb":{"@id":"https:\/\/ammd.lu\/fr\/du-portugal-au-luxembourg-first-etend-son-expertise\/#breadcrumb"},"inLanguage":"fr-FR","potentialAction":[{"@type":"ReadAction","target":["https:\/\/ammd.lu\/fr\/du-portugal-au-luxembourg-first-etend-son-expertise\/"]}]},{"@type":"ImageObject","inLanguage":"fr-FR","@id":"https:\/\/ammd.lu\/fr\/du-portugal-au-luxembourg-first-etend-son-expertise\/#primaryimage","url":"https:\/\/ammd.lu\/wp-content\/uploads\/2025\/02\/436209983_986247059867006_7766152860643302685_n.jpg","contentUrl":"https:\/\/ammd.lu\/wp-content\/uploads\/2025\/02\/436209983_986247059867006_7766152860643302685_n.jpg","width":2048,"height":1536},{"@type":"BreadcrumbList","@id":"https:\/\/ammd.lu\/fr\/du-portugal-au-luxembourg-first-etend-son-expertise\/#breadcrumb","itemListElement":[{"@type":"ListItem","position":1,"name":"Accueil","item":"https:\/\/ammd.lu\/fr\/"},{"@type":"ListItem","position":2,"name":"Du Portugal au Luxembourg : FIRST \u00e9tend son expertise"}]},{"@type":"WebSite","@id":"https:\/\/ammd.lu\/fr\/#website","url":"https:\/\/ammd.lu\/fr\/","name":"Association des M\u00e9decins et M\u00e9decins-Dentistes","description":"AMMD","publisher":{"@id":"https:\/\/ammd.lu\/fr\/#organization"},"potentialAction":[{"@type":"SearchAction","target":{"@type":"EntryPoint","urlTemplate":"https:\/\/ammd.lu\/fr\/?s={search_term_string}"},"query-input":{"@type":"PropertyValueSpecification","valueRequired":true,"valueName":"search_term_string"}}],"inLanguage":"fr-FR"},{"@type":"Organization","@id":"https:\/\/ammd.lu\/fr\/#organization","name":"Association des M\u00e9decins et M\u00e9decins-Dentistes","url":"https:\/\/ammd.lu\/fr\/","logo":{"@type":"ImageObject","inLanguage":"fr-FR","@id":"https:\/\/ammd.lu\/fr\/#\/schema\/logo\/image\/","url":"https:\/\/ammd.lu\/wp-content\/uploads\/2025\/03\/AMMD-Open-graph-image.png","contentUrl":"https:\/\/ammd.lu\/wp-content\/uploads\/2025\/03\/AMMD-Open-graph-image.png","width":1200,"height":630,"caption":"Association des M\u00e9decins et M\u00e9decins-Dentistes"},"image":{"@id":"https:\/\/ammd.lu\/fr\/#\/schema\/logo\/image\/"},"sameAs":["https:\/\/www.facebook.com\/ammd.lu\/"]},{"@type":"Person","@id":"https:\/\/ammd.lu\/fr\/#\/schema\/person\/bc406f5c6cd2e3f891ba4bfc5f50f223","name":"Secretariat AMMD","image":{"@type":"ImageObject","inLanguage":"fr-FR","@id":"https:\/\/ammd.lu\/fr\/#\/schema\/person\/image\/","url":"https:\/\/secure.gravatar.com\/avatar\/3576d453e83e903e031799026e935e617c3b415d013965ea328e23d71d039d54?s=96&d=mm&r=g","contentUrl":"https:\/\/secure.gravatar.com\/avatar\/3576d453e83e903e031799026e935e617c3b415d013965ea328e23d71d039d54?s=96&d=mm&r=g","caption":"Secretariat AMMD"}}]}},"_links":{"self":[{"href":"https:\/\/ammd.lu\/fr\/wp-json\/wp\/v2\/posts\/1922","targetHints":{"allow":["GET"]}}],"collection":[{"href":"https:\/\/ammd.lu\/fr\/wp-json\/wp\/v2\/posts"}],"about":[{"href":"https:\/\/ammd.lu\/fr\/wp-json\/wp\/v2\/types\/post"}],"author":[{"embeddable":true,"href":"https:\/\/ammd.lu\/fr\/wp-json\/wp\/v2\/users\/8"}],"replies":[{"embeddable":true,"href":"https:\/\/ammd.lu\/fr\/wp-json\/wp\/v2\/comments?post=1922"}],"version-history":[{"count":1,"href":"https:\/\/ammd.lu\/fr\/wp-json\/wp\/v2\/posts\/1922\/revisions"}],"predecessor-version":[{"id":1923,"href":"https:\/\/ammd.lu\/fr\/wp-json\/wp\/v2\/posts\/1922\/revisions\/1923"}],"wp:featuredmedia":[{"embeddable":true,"href":"https:\/\/ammd.lu\/fr\/wp-json\/wp\/v2\/media\/1645"}],"wp:attachment":[{"href":"https:\/\/ammd.lu\/fr\/wp-json\/wp\/v2\/media?parent=1922"}],"wp:term":[{"taxonomy":"category","embeddable":true,"href":"https:\/\/ammd.lu\/fr\/wp-json\/wp\/v2\/categories?post=1922"},{"taxonomy":"post_tag","embeddable":true,"href":"https:\/\/ammd.lu\/fr\/wp-json\/wp\/v2\/tags?post=1922"}],"curies":[{"name":"wp","href":"https:\/\/api.w.org\/{rel}","templated":true}]}}