{"id":1918,"date":"2024-05-21T11:42:08","date_gmt":"2024-05-21T09:42:08","guid":{"rendered":"https:\/\/ammd.goneon.lu\/?p=1918"},"modified":"2025-02-07T11:43:30","modified_gmt":"2025-02-07T10:43:30","slug":"steftung-hellef-doheem-depuis-plus-de-25-ans-entre-de-bonnes-mains","status":"publish","type":"post","link":"https:\/\/ammd.lu\/fr\/steftung-hellef-doheem-depuis-plus-de-25-ans-entre-de-bonnes-mains\/","title":{"rendered":"St\u00ebftung H\u00ebllef Doheem -Depuis plus de 25 ans, entre de bonnes mains!"},"content":{"rendered":"<div class=\"x11i5rnm xat24cr x1mh8g0r x1vvkbs xtlvy1s x126k92a\">\n<div dir=\"auto\">Gr\u00e2ce aux pr\u00e9cieux services de la <span class=\"html-span xdj266r x11i5rnm xat24cr x1mh8g0r xexx8yu x4uap5 x18d9i69 xkhd6sd x1hl2dhg x16tdsg8 x1vvkbs\"><a class=\"x1i10hfl xjbqb8w x1ejq31n xd10rxx x1sy0etr x17r0tee x972fbf xcfux6l x1qhh985 xm0m39n x9f619 x1ypdohk xt0psk2 xe8uvvx xdj266r x11i5rnm xat24cr x1mh8g0r xexx8yu x4uap5 x18d9i69 xkhd6sd x16tdsg8 x1hl2dhg xggy1nq x1a2a7pz x1sur9pj xkrqix3 x1fey0fg x1s688f\" tabindex=\"0\" role=\"link\" href=\"https:\/\/www.facebook.com\/steftunghellefdoheem?__cft__[0]=AZWgl8hZHLqHUuoBtPhiZ76fPScDdXWZ1wYbSPVAEO3LscZl7k1D1h-00-ttGl8XeqZj58wmfXLj5me4vrCNlcU-B5KHH8f3RQYEoNLUV6eh5X84WoQwWEYfebJGVsljzbJqulVusQ5wg0GgdZGhWMXiXrKjIJSe4if4erfLZSGs4YIqPM3eNCZCER8bYlHuJkfznrlj91Tp0_YNUc8SFZUlYse6yPdGGlorJYZrAPSdHQ&amp;__tn__=-]K-R\"><span class=\"xt0psk2\">St\u00ebftung H\u00ebllef Doheem<\/span><\/a><\/span>, soucieuse d\u2019am\u00e9liorations et d\u2019innovations constantes et recherchant une collaboration continue avec le corps m\u00e9dical, elle a substantiellement contribu\u00e9 \u00e0 am\u00e9liorer les soins de sant\u00e9 au Luxembourg.<\/div>\n<\/div>\n<div class=\"x11i5rnm xat24cr x1mh8g0r x1vvkbs xtlvy1s x126k92a\">\n<div dir=\"auto\">Nous vous remercions pour cette collaboration de confiance au service des patients!<\/div>\n<\/div>\n","protected":false},"excerpt":{"rendered":"<p>Gr\u00e2ce aux pr\u00e9cieux services de la St\u00ebftung H\u00ebllef Doheem, soucieuse d\u2019am\u00e9liorations et d\u2019innovations constantes et recherchant une collaboration continue avec le corps m\u00e9dical, elle a substantiellement contribu\u00e9 \u00e0 am\u00e9liorer les soins de sant\u00e9 au Luxembourg. Nous vous remercions pour cette collaboration de confiance au service des patients!<\/p>\n","protected":false},"author":8,"featured_media":1919,"comment_status":"open","ping_status":"closed","sticky":false,"template":"","format":"standard","meta":{"_acf_changed":false,"_bbp_topic_count":0,"_bbp_reply_count":0,"_bbp_total_topic_count":0,"_bbp_total_reply_count":0,"_bbp_voice_count":0,"_bbp_anonymous_reply_count":0,"_bbp_topic_count_hidden":0,"_bbp_reply_count_hidden":0,"_bbp_forum_subforum_count":0,"footnotes":""},"categories":[24],"tags":[],"class_list":["post-1918","post","type-post","status-publish","format-standard","has-post-thumbnail","hentry","category-general-fr"],"acf":[],"yoast_head":"<!-- This site is optimized with the Yoast SEO plugin v26.3 - https:\/\/yoast.com\/wordpress\/plugins\/seo\/ -->\n<title>St\u00ebftung H\u00ebllef Doheem -Depuis plus de 25 ans, entre de bonnes mains! - Association des M\u00e9decins et M\u00e9decins-Dentistes<\/title>\n<meta name=\"robots\" content=\"index, follow, max-snippet:-1, max-image-preview:large, max-video-preview:-1\" \/>\n<link rel=\"canonical\" href=\"https:\/\/ammd.lu\/fr\/steftung-hellef-doheem-depuis-plus-de-25-ans-entre-de-bonnes-mains\/\" \/>\n<meta property=\"og:locale\" content=\"fr_FR\" \/>\n<meta property=\"og:type\" content=\"article\" \/>\n<meta property=\"og:title\" content=\"St\u00ebftung H\u00ebllef Doheem -Depuis plus de 25 ans, entre de bonnes mains! - Association des M\u00e9decins et M\u00e9decins-Dentistes\" \/>\n<meta property=\"og:description\" content=\"Gr\u00e2ce aux pr\u00e9cieux services de la St\u00ebftung H\u00ebllef Doheem, soucieuse d\u2019am\u00e9liorations et d\u2019innovations constantes et recherchant une collaboration continue avec le corps m\u00e9dical, elle a substantiellement contribu\u00e9 \u00e0 am\u00e9liorer les soins de sant\u00e9 au Luxembourg. Nous vous remercions pour cette collaboration de confiance au service des patients!\" \/>\n<meta property=\"og:url\" content=\"https:\/\/ammd.lu\/fr\/steftung-hellef-doheem-depuis-plus-de-25-ans-entre-de-bonnes-mains\/\" \/>\n<meta property=\"og:site_name\" content=\"Association des M\u00e9decins et M\u00e9decins-Dentistes\" \/>\n<meta property=\"article:publisher\" content=\"https:\/\/www.facebook.com\/ammd.lu\/\" \/>\n<meta property=\"article:published_time\" content=\"2024-05-21T09:42:08+00:00\" \/>\n<meta property=\"article:modified_time\" content=\"2025-02-07T10:43:30+00:00\" \/>\n<meta property=\"og:image\" content=\"https:\/\/ammd.lu\/wp-content\/uploads\/2025\/02\/442405480_867780378700564_8890313120779121458_n-1.jpg\" \/>\n\t<meta property=\"og:image:width\" content=\"2048\" \/>\n\t<meta property=\"og:image:height\" content=\"1844\" \/>\n\t<meta property=\"og:image:type\" content=\"image\/jpeg\" \/>\n<meta name=\"author\" content=\"Secretariat AMMD\" \/>\n<meta name=\"twitter:card\" content=\"summary_large_image\" \/>\n<meta name=\"twitter:label1\" content=\"\u00c9crit par\" \/>\n\t<meta name=\"twitter:data1\" content=\"Secretariat AMMD\" \/>\n\t<meta name=\"twitter:label2\" content=\"Dur\u00e9e de lecture estim\u00e9e\" \/>\n\t<meta name=\"twitter:data2\" content=\"1 minute\" \/>\n<script type=\"application\/ld+json\" class=\"yoast-schema-graph\">{\"@context\":\"https:\/\/schema.org\",\"@graph\":[{\"@type\":\"Article\",\"@id\":\"https:\/\/ammd.lu\/fr\/steftung-hellef-doheem-depuis-plus-de-25-ans-entre-de-bonnes-mains\/#article\",\"isPartOf\":{\"@id\":\"https:\/\/ammd.lu\/fr\/steftung-hellef-doheem-depuis-plus-de-25-ans-entre-de-bonnes-mains\/\"},\"author\":{\"name\":\"Secretariat AMMD\",\"@id\":\"https:\/\/ammd.lu\/fr\/#\/schema\/person\/bc406f5c6cd2e3f891ba4bfc5f50f223\"},\"headline\":\"St\u00ebftung H\u00ebllef Doheem -Depuis plus de 25 ans, entre de bonnes mains!\",\"datePublished\":\"2024-05-21T09:42:08+00:00\",\"dateModified\":\"2025-02-07T10:43:30+00:00\",\"mainEntityOfPage\":{\"@id\":\"https:\/\/ammd.lu\/fr\/steftung-hellef-doheem-depuis-plus-de-25-ans-entre-de-bonnes-mains\/\"},\"wordCount\":68,\"commentCount\":0,\"publisher\":{\"@id\":\"https:\/\/ammd.lu\/fr\/#organization\"},\"image\":{\"@id\":\"https:\/\/ammd.lu\/fr\/steftung-hellef-doheem-depuis-plus-de-25-ans-entre-de-bonnes-mains\/#primaryimage\"},\"thumbnailUrl\":\"https:\/\/ammd.lu\/wp-content\/uploads\/2025\/02\/442405480_867780378700564_8890313120779121458_n-1.jpg\",\"articleSection\":[\"G\u00e9n\u00e9ral\"],\"inLanguage\":\"fr-FR\",\"potentialAction\":[{\"@type\":\"CommentAction\",\"name\":\"Comment\",\"target\":[\"https:\/\/ammd.lu\/fr\/steftung-hellef-doheem-depuis-plus-de-25-ans-entre-de-bonnes-mains\/#respond\"]}]},{\"@type\":\"WebPage\",\"@id\":\"https:\/\/ammd.lu\/fr\/steftung-hellef-doheem-depuis-plus-de-25-ans-entre-de-bonnes-mains\/\",\"url\":\"https:\/\/ammd.lu\/fr\/steftung-hellef-doheem-depuis-plus-de-25-ans-entre-de-bonnes-mains\/\",\"name\":\"St\u00ebftung H\u00ebllef Doheem -Depuis plus de 25 ans, entre de bonnes mains! - Association des M\u00e9decins et M\u00e9decins-Dentistes\",\"isPartOf\":{\"@id\":\"https:\/\/ammd.lu\/fr\/#website\"},\"primaryImageOfPage\":{\"@id\":\"https:\/\/ammd.lu\/fr\/steftung-hellef-doheem-depuis-plus-de-25-ans-entre-de-bonnes-mains\/#primaryimage\"},\"image\":{\"@id\":\"https:\/\/ammd.lu\/fr\/steftung-hellef-doheem-depuis-plus-de-25-ans-entre-de-bonnes-mains\/#primaryimage\"},\"thumbnailUrl\":\"https:\/\/ammd.lu\/wp-content\/uploads\/2025\/02\/442405480_867780378700564_8890313120779121458_n-1.jpg\",\"datePublished\":\"2024-05-21T09:42:08+00:00\",\"dateModified\":\"2025-02-07T10:43:30+00:00\",\"breadcrumb\":{\"@id\":\"https:\/\/ammd.lu\/fr\/steftung-hellef-doheem-depuis-plus-de-25-ans-entre-de-bonnes-mains\/#breadcrumb\"},\"inLanguage\":\"fr-FR\",\"potentialAction\":[{\"@type\":\"ReadAction\",\"target\":[\"https:\/\/ammd.lu\/fr\/steftung-hellef-doheem-depuis-plus-de-25-ans-entre-de-bonnes-mains\/\"]}]},{\"@type\":\"ImageObject\",\"inLanguage\":\"fr-FR\",\"@id\":\"https:\/\/ammd.lu\/fr\/steftung-hellef-doheem-depuis-plus-de-25-ans-entre-de-bonnes-mains\/#primaryimage\",\"url\":\"https:\/\/ammd.lu\/wp-content\/uploads\/2025\/02\/442405480_867780378700564_8890313120779121458_n-1.jpg\",\"contentUrl\":\"https:\/\/ammd.lu\/wp-content\/uploads\/2025\/02\/442405480_867780378700564_8890313120779121458_n-1.jpg\",\"width\":2048,\"height\":1844},{\"@type\":\"BreadcrumbList\",\"@id\":\"https:\/\/ammd.lu\/fr\/steftung-hellef-doheem-depuis-plus-de-25-ans-entre-de-bonnes-mains\/#breadcrumb\",\"itemListElement\":[{\"@type\":\"ListItem\",\"position\":1,\"name\":\"Accueil\",\"item\":\"https:\/\/ammd.lu\/fr\/\"},{\"@type\":\"ListItem\",\"position\":2,\"name\":\"St\u00ebftung H\u00ebllef Doheem -Depuis plus de 25 ans, entre de bonnes mains!\"}]},{\"@type\":\"WebSite\",\"@id\":\"https:\/\/ammd.lu\/fr\/#website\",\"url\":\"https:\/\/ammd.lu\/fr\/\",\"name\":\"Association des M\u00e9decins et M\u00e9decins-Dentistes\",\"description\":\"AMMD\",\"publisher\":{\"@id\":\"https:\/\/ammd.lu\/fr\/#organization\"},\"potentialAction\":[{\"@type\":\"SearchAction\",\"target\":{\"@type\":\"EntryPoint\",\"urlTemplate\":\"https:\/\/ammd.lu\/fr\/?s={search_term_string}\"},\"query-input\":{\"@type\":\"PropertyValueSpecification\",\"valueRequired\":true,\"valueName\":\"search_term_string\"}}],\"inLanguage\":\"fr-FR\"},{\"@type\":\"Organization\",\"@id\":\"https:\/\/ammd.lu\/fr\/#organization\",\"name\":\"Association des M\u00e9decins et M\u00e9decins-Dentistes\",\"url\":\"https:\/\/ammd.lu\/fr\/\",\"logo\":{\"@type\":\"ImageObject\",\"inLanguage\":\"fr-FR\",\"@id\":\"https:\/\/ammd.lu\/fr\/#\/schema\/logo\/image\/\",\"url\":\"https:\/\/ammd.lu\/wp-content\/uploads\/2025\/03\/AMMD-Open-graph-image.png\",\"contentUrl\":\"https:\/\/ammd.lu\/wp-content\/uploads\/2025\/03\/AMMD-Open-graph-image.png\",\"width\":1200,\"height\":630,\"caption\":\"Association des M\u00e9decins et M\u00e9decins-Dentistes\"},\"image\":{\"@id\":\"https:\/\/ammd.lu\/fr\/#\/schema\/logo\/image\/\"},\"sameAs\":[\"https:\/\/www.facebook.com\/ammd.lu\/\"]},{\"@type\":\"Person\",\"@id\":\"https:\/\/ammd.lu\/fr\/#\/schema\/person\/bc406f5c6cd2e3f891ba4bfc5f50f223\",\"name\":\"Secretariat AMMD\",\"image\":{\"@type\":\"ImageObject\",\"inLanguage\":\"fr-FR\",\"@id\":\"https:\/\/ammd.lu\/fr\/#\/schema\/person\/image\/\",\"url\":\"https:\/\/secure.gravatar.com\/avatar\/3576d453e83e903e031799026e935e617c3b415d013965ea328e23d71d039d54?s=96&d=mm&r=g\",\"contentUrl\":\"https:\/\/secure.gravatar.com\/avatar\/3576d453e83e903e031799026e935e617c3b415d013965ea328e23d71d039d54?s=96&d=mm&r=g\",\"caption\":\"Secretariat AMMD\"}}]}<\/script>\n<!-- \/ Yoast SEO plugin. -->","yoast_head_json":{"title":"St\u00ebftung H\u00ebllef Doheem -Depuis plus de 25 ans, entre de bonnes mains! - Association des M\u00e9decins et M\u00e9decins-Dentistes","robots":{"index":"index","follow":"follow","max-snippet":"max-snippet:-1","max-image-preview":"max-image-preview:large","max-video-preview":"max-video-preview:-1"},"canonical":"https:\/\/ammd.lu\/fr\/steftung-hellef-doheem-depuis-plus-de-25-ans-entre-de-bonnes-mains\/","og_locale":"fr_FR","og_type":"article","og_title":"St\u00ebftung H\u00ebllef Doheem -Depuis plus de 25 ans, entre de bonnes mains! - Association des M\u00e9decins et M\u00e9decins-Dentistes","og_description":"Gr\u00e2ce aux pr\u00e9cieux services de la St\u00ebftung H\u00ebllef Doheem, soucieuse d\u2019am\u00e9liorations et d\u2019innovations constantes et recherchant une collaboration continue avec le corps m\u00e9dical, elle a substantiellement contribu\u00e9 \u00e0 am\u00e9liorer les soins de sant\u00e9 au Luxembourg. Nous vous remercions pour cette collaboration de confiance au service des patients!","og_url":"https:\/\/ammd.lu\/fr\/steftung-hellef-doheem-depuis-plus-de-25-ans-entre-de-bonnes-mains\/","og_site_name":"Association des M\u00e9decins et M\u00e9decins-Dentistes","article_publisher":"https:\/\/www.facebook.com\/ammd.lu\/","article_published_time":"2024-05-21T09:42:08+00:00","article_modified_time":"2025-02-07T10:43:30+00:00","og_image":[{"width":2048,"height":1844,"url":"https:\/\/ammd.lu\/wp-content\/uploads\/2025\/02\/442405480_867780378700564_8890313120779121458_n-1.jpg","type":"image\/jpeg"}],"author":"Secretariat AMMD","twitter_card":"summary_large_image","twitter_misc":{"\u00c9crit par":"Secretariat AMMD","Dur\u00e9e de lecture estim\u00e9e":"1 minute"},"schema":{"@context":"https:\/\/schema.org","@graph":[{"@type":"Article","@id":"https:\/\/ammd.lu\/fr\/steftung-hellef-doheem-depuis-plus-de-25-ans-entre-de-bonnes-mains\/#article","isPartOf":{"@id":"https:\/\/ammd.lu\/fr\/steftung-hellef-doheem-depuis-plus-de-25-ans-entre-de-bonnes-mains\/"},"author":{"name":"Secretariat AMMD","@id":"https:\/\/ammd.lu\/fr\/#\/schema\/person\/bc406f5c6cd2e3f891ba4bfc5f50f223"},"headline":"St\u00ebftung H\u00ebllef Doheem -Depuis plus de 25 ans, entre de bonnes mains!","datePublished":"2024-05-21T09:42:08+00:00","dateModified":"2025-02-07T10:43:30+00:00","mainEntityOfPage":{"@id":"https:\/\/ammd.lu\/fr\/steftung-hellef-doheem-depuis-plus-de-25-ans-entre-de-bonnes-mains\/"},"wordCount":68,"commentCount":0,"publisher":{"@id":"https:\/\/ammd.lu\/fr\/#organization"},"image":{"@id":"https:\/\/ammd.lu\/fr\/steftung-hellef-doheem-depuis-plus-de-25-ans-entre-de-bonnes-mains\/#primaryimage"},"thumbnailUrl":"https:\/\/ammd.lu\/wp-content\/uploads\/2025\/02\/442405480_867780378700564_8890313120779121458_n-1.jpg","articleSection":["G\u00e9n\u00e9ral"],"inLanguage":"fr-FR","potentialAction":[{"@type":"CommentAction","name":"Comment","target":["https:\/\/ammd.lu\/fr\/steftung-hellef-doheem-depuis-plus-de-25-ans-entre-de-bonnes-mains\/#respond"]}]},{"@type":"WebPage","@id":"https:\/\/ammd.lu\/fr\/steftung-hellef-doheem-depuis-plus-de-25-ans-entre-de-bonnes-mains\/","url":"https:\/\/ammd.lu\/fr\/steftung-hellef-doheem-depuis-plus-de-25-ans-entre-de-bonnes-mains\/","name":"St\u00ebftung H\u00ebllef Doheem -Depuis plus de 25 ans, entre de bonnes mains! - Association des M\u00e9decins et M\u00e9decins-Dentistes","isPartOf":{"@id":"https:\/\/ammd.lu\/fr\/#website"},"primaryImageOfPage":{"@id":"https:\/\/ammd.lu\/fr\/steftung-hellef-doheem-depuis-plus-de-25-ans-entre-de-bonnes-mains\/#primaryimage"},"image":{"@id":"https:\/\/ammd.lu\/fr\/steftung-hellef-doheem-depuis-plus-de-25-ans-entre-de-bonnes-mains\/#primaryimage"},"thumbnailUrl":"https:\/\/ammd.lu\/wp-content\/uploads\/2025\/02\/442405480_867780378700564_8890313120779121458_n-1.jpg","datePublished":"2024-05-21T09:42:08+00:00","dateModified":"2025-02-07T10:43:30+00:00","breadcrumb":{"@id":"https:\/\/ammd.lu\/fr\/steftung-hellef-doheem-depuis-plus-de-25-ans-entre-de-bonnes-mains\/#breadcrumb"},"inLanguage":"fr-FR","potentialAction":[{"@type":"ReadAction","target":["https:\/\/ammd.lu\/fr\/steftung-hellef-doheem-depuis-plus-de-25-ans-entre-de-bonnes-mains\/"]}]},{"@type":"ImageObject","inLanguage":"fr-FR","@id":"https:\/\/ammd.lu\/fr\/steftung-hellef-doheem-depuis-plus-de-25-ans-entre-de-bonnes-mains\/#primaryimage","url":"https:\/\/ammd.lu\/wp-content\/uploads\/2025\/02\/442405480_867780378700564_8890313120779121458_n-1.jpg","contentUrl":"https:\/\/ammd.lu\/wp-content\/uploads\/2025\/02\/442405480_867780378700564_8890313120779121458_n-1.jpg","width":2048,"height":1844},{"@type":"BreadcrumbList","@id":"https:\/\/ammd.lu\/fr\/steftung-hellef-doheem-depuis-plus-de-25-ans-entre-de-bonnes-mains\/#breadcrumb","itemListElement":[{"@type":"ListItem","position":1,"name":"Accueil","item":"https:\/\/ammd.lu\/fr\/"},{"@type":"ListItem","position":2,"name":"St\u00ebftung H\u00ebllef Doheem -Depuis plus de 25 ans, entre de bonnes mains!"}]},{"@type":"WebSite","@id":"https:\/\/ammd.lu\/fr\/#website","url":"https:\/\/ammd.lu\/fr\/","name":"Association des M\u00e9decins et M\u00e9decins-Dentistes","description":"AMMD","publisher":{"@id":"https:\/\/ammd.lu\/fr\/#organization"},"potentialAction":[{"@type":"SearchAction","target":{"@type":"EntryPoint","urlTemplate":"https:\/\/ammd.lu\/fr\/?s={search_term_string}"},"query-input":{"@type":"PropertyValueSpecification","valueRequired":true,"valueName":"search_term_string"}}],"inLanguage":"fr-FR"},{"@type":"Organization","@id":"https:\/\/ammd.lu\/fr\/#organization","name":"Association des M\u00e9decins et M\u00e9decins-Dentistes","url":"https:\/\/ammd.lu\/fr\/","logo":{"@type":"ImageObject","inLanguage":"fr-FR","@id":"https:\/\/ammd.lu\/fr\/#\/schema\/logo\/image\/","url":"https:\/\/ammd.lu\/wp-content\/uploads\/2025\/03\/AMMD-Open-graph-image.png","contentUrl":"https:\/\/ammd.lu\/wp-content\/uploads\/2025\/03\/AMMD-Open-graph-image.png","width":1200,"height":630,"caption":"Association des M\u00e9decins et M\u00e9decins-Dentistes"},"image":{"@id":"https:\/\/ammd.lu\/fr\/#\/schema\/logo\/image\/"},"sameAs":["https:\/\/www.facebook.com\/ammd.lu\/"]},{"@type":"Person","@id":"https:\/\/ammd.lu\/fr\/#\/schema\/person\/bc406f5c6cd2e3f891ba4bfc5f50f223","name":"Secretariat AMMD","image":{"@type":"ImageObject","inLanguage":"fr-FR","@id":"https:\/\/ammd.lu\/fr\/#\/schema\/person\/image\/","url":"https:\/\/secure.gravatar.com\/avatar\/3576d453e83e903e031799026e935e617c3b415d013965ea328e23d71d039d54?s=96&d=mm&r=g","contentUrl":"https:\/\/secure.gravatar.com\/avatar\/3576d453e83e903e031799026e935e617c3b415d013965ea328e23d71d039d54?s=96&d=mm&r=g","caption":"Secretariat AMMD"}}]}},"_links":{"self":[{"href":"https:\/\/ammd.lu\/fr\/wp-json\/wp\/v2\/posts\/1918","targetHints":{"allow":["GET"]}}],"collection":[{"href":"https:\/\/ammd.lu\/fr\/wp-json\/wp\/v2\/posts"}],"about":[{"href":"https:\/\/ammd.lu\/fr\/wp-json\/wp\/v2\/types\/post"}],"author":[{"embeddable":true,"href":"https:\/\/ammd.lu\/fr\/wp-json\/wp\/v2\/users\/8"}],"replies":[{"embeddable":true,"href":"https:\/\/ammd.lu\/fr\/wp-json\/wp\/v2\/comments?post=1918"}],"version-history":[{"count":1,"href":"https:\/\/ammd.lu\/fr\/wp-json\/wp\/v2\/posts\/1918\/revisions"}],"predecessor-version":[{"id":1921,"href":"https:\/\/ammd.lu\/fr\/wp-json\/wp\/v2\/posts\/1918\/revisions\/1921"}],"wp:featuredmedia":[{"embeddable":true,"href":"https:\/\/ammd.lu\/fr\/wp-json\/wp\/v2\/media\/1919"}],"wp:attachment":[{"href":"https:\/\/ammd.lu\/fr\/wp-json\/wp\/v2\/media?parent=1918"}],"wp:term":[{"taxonomy":"category","embeddable":true,"href":"https:\/\/ammd.lu\/fr\/wp-json\/wp\/v2\/categories?post=1918"},{"taxonomy":"post_tag","embeddable":true,"href":"https:\/\/ammd.lu\/fr\/wp-json\/wp\/v2\/tags?post=1918"}],"curies":[{"name":"wp","href":"https:\/\/api.w.org\/{rel}","templated":true}]}}