{"id":1587,"date":"2025-01-31T10:05:24","date_gmt":"2025-01-31T09:05:24","guid":{"rendered":"https:\/\/ammd.goneon.lu\/medecine-generale-un-pilier-du-systeme-de-sante\/"},"modified":"2025-02-07T08:58:09","modified_gmt":"2025-02-07T07:58:09","slug":"medecine-generale-un-pilier-du-systeme-de-sante","status":"publish","type":"post","link":"https:\/\/ammd.lu\/fr\/medecine-generale-un-pilier-du-systeme-de-sante\/","title":{"rendered":"M\u00e9decine g\u00e9n\u00e9rale : un pilier du syst\u00e8me de sant\u00e9"},"content":{"rendered":"<p>Environ 30 % de la population au Luxembourg n&rsquo;a pas de m\u00e9decin g\u00e9n\u00e9raliste attir\u00e9 &#8211; un probl\u00e8me notamment d\u00fb \u00e0 un manque d&rsquo;information sur le r\u00f4le de la m\u00e9decine g\u00e9n\u00e9rale.<\/p>\n<p>Dans de nombreux pays, il n&rsquo;existe que des polycliniques ou des services d&rsquo;urgence, ce qui fait que le concept de m\u00e9decine g\u00e9n\u00e9rale est peu connu. Au Luxembourg, en revanche, le m\u00e9decin g\u00e9n\u00e9raliste joue un r\u00f4le central et constitue souvent le premier interlocuteur pour les questions de sant\u00e9. <br class=\"html-br\" \/><br class=\"html-br\" \/><span class=\"html-span xexx8yu x4uap5 x18d9i69 xkhd6sd x1hl2dhg x16tdsg8 x1vvkbs x3nfvp2 x1j61x8r x1fcty0u xdj266r xat24cr xgzva0m xhhsvwb xxymvpz xlup9mm x1kky2od\"><img decoding=\"async\" class=\"xz74otr\" src=\"https:\/\/static.xx.fbcdn.net\/images\/emoji.php\/v9\/t3b\/2\/16\/1f468_200d_2695.png\" alt=\"\ud83d\udc68\u200d\u2695\ufe0f\" width=\"16\" height=\"16\" \/><\/span> Les m\u00e9decins g\u00e9n\u00e9ralistes, premi\u00e8re instance des soins de sant\u00e9<br class=\"html-br\" \/>Un m\u00e9decin g\u00e9n\u00e9raliste analyse les sympt\u00f4mes dans le contexte global de la sant\u00e9 du patient, ce qui lui permet d&rsquo;\u00e9valuer les troubles de mani\u00e8re plus approfondie et d&rsquo;orienter efficacement vers des sp\u00e9cialistes. En fonction de leur \u00e9quipement, de nombreux cabinets proposent \u00e9galement des analyses sanguines, des \u00e9chographies ou des soins de plaies directement sur place. <br class=\"html-br\" \/><br class=\"html-br\" \/><span class=\"html-span xexx8yu x4uap5 x18d9i69 xkhd6sd x1hl2dhg x16tdsg8 x1vvkbs x3nfvp2 x1j61x8r x1fcty0u xdj266r xat24cr xgzva0m xhhsvwb xxymvpz xlup9mm x1kky2od\"><img decoding=\"async\" class=\"xz74otr\" src=\"https:\/\/static.xx.fbcdn.net\/images\/emoji.php\/v9\/t21\/2\/16\/1f4c9.png\" alt=\"\ud83d\udcc9\" width=\"16\" height=\"16\" \/><\/span> Un d\u00e9fi grandissant : la p\u00e9nurie de m\u00e9decins<br class=\"html-br\" \/>Sur les quelque 800 \u00e0 900 m\u00e9decins enregistr\u00e9s au Luxembourg, seuls 200 \u00e0 300 exercent en m\u00e9decine de premier recours &#8211; un chiffre qui devrait \u00eatre doubl\u00e9. De plus, de nombreux g\u00e9n\u00e9ralistes approchent de l&rsquo;\u00e2ge de la retraite, ce qui aggravera encore la situation dans les ann\u00e9es \u00e0 venir. <br class=\"html-br\" \/><br class=\"html-br\" \/><span class=\"html-span xexx8yu x4uap5 x18d9i69 xkhd6sd x1hl2dhg x16tdsg8 x1vvkbs x3nfvp2 x1j61x8r x1fcty0u xdj266r xat24cr xgzva0m xhhsvwb xxymvpz xlup9mm x1kky2od\"><img decoding=\"async\" class=\"xz74otr\" src=\"https:\/\/static.xx.fbcdn.net\/images\/emoji.php\/v9\/tdb\/2\/16\/1f4a1.png\" alt=\"\ud83d\udca1\" width=\"16\" height=\"16\" \/><\/span>Des solutions sont n\u00e9cessaires !<br class=\"html-br\" \/>Les m\u00e9decins g\u00e9n\u00e9ralistes sont la pierre angulaire d&rsquo;un syst\u00e8me de sant\u00e9 efficace. Pour r\u00e9pondre \u00e0 une population en croissance et \u00e0 des exigences de plus en plus \u00e9lev\u00e9es, il est essentiel de rendre cette profession plus attractive &#8211; afin de garantir une prise en charge m\u00e9dicale solide et p\u00e9renne !<\/p>\n","protected":false},"excerpt":{"rendered":"<p>Environ 30 % de la population au Luxembourg n&rsquo;a pas de m\u00e9decin g\u00e9n\u00e9raliste attir\u00e9 &#8211; un probl\u00e8me notamment d\u00fb \u00e0 un manque d&rsquo;information sur le r\u00f4le de la m\u00e9decine g\u00e9n\u00e9rale. Dans de nombreux pays, il n&rsquo;existe que des polycliniques ou des services d&rsquo;urgence, ce qui fait que le concept de m\u00e9decine g\u00e9n\u00e9rale est peu connu. [&hellip;]<\/p>\n","protected":false},"author":10,"featured_media":1585,"comment_status":"open","ping_status":"closed","sticky":false,"template":"","format":"standard","meta":{"_acf_changed":false,"_bbp_topic_count":0,"_bbp_reply_count":0,"_bbp_total_topic_count":0,"_bbp_total_reply_count":0,"_bbp_voice_count":0,"_bbp_anonymous_reply_count":0,"_bbp_topic_count_hidden":0,"_bbp_reply_count_hidden":0,"_bbp_forum_subforum_count":0,"footnotes":""},"categories":[24],"tags":[37,36,38],"class_list":["post-1587","post","type-post","status-publish","format-standard","has-post-thumbnail","hentry","category-general-fr","tag-ammd-fr","tag-luxembourg-fr","tag-medecine-generale-fr"],"acf":[],"yoast_head":"<!-- This site is optimized with the Yoast SEO plugin v26.3 - https:\/\/yoast.com\/wordpress\/plugins\/seo\/ -->\n<title>M\u00e9decine g\u00e9n\u00e9rale : un pilier du syst\u00e8me de sant\u00e9 - Association des M\u00e9decins et M\u00e9decins-Dentistes<\/title>\n<meta name=\"robots\" content=\"index, follow, max-snippet:-1, max-image-preview:large, max-video-preview:-1\" \/>\n<link rel=\"canonical\" href=\"https:\/\/ammd.lu\/fr\/medecine-generale-un-pilier-du-systeme-de-sante\/\" \/>\n<meta property=\"og:locale\" content=\"fr_FR\" \/>\n<meta property=\"og:type\" content=\"article\" \/>\n<meta property=\"og:title\" content=\"M\u00e9decine g\u00e9n\u00e9rale : un pilier du syst\u00e8me de sant\u00e9 - Association des M\u00e9decins et M\u00e9decins-Dentistes\" \/>\n<meta property=\"og:description\" content=\"Environ 30 % de la population au Luxembourg n&rsquo;a pas de m\u00e9decin g\u00e9n\u00e9raliste attir\u00e9 &#8211; un probl\u00e8me notamment d\u00fb \u00e0 un manque d&rsquo;information sur le r\u00f4le de la m\u00e9decine g\u00e9n\u00e9rale. Dans de nombreux pays, il n&rsquo;existe que des polycliniques ou des services d&rsquo;urgence, ce qui fait que le concept de m\u00e9decine g\u00e9n\u00e9rale est peu connu. [&hellip;]\" \/>\n<meta property=\"og:url\" content=\"https:\/\/ammd.lu\/fr\/medecine-generale-un-pilier-du-systeme-de-sante\/\" \/>\n<meta property=\"og:site_name\" content=\"Association des M\u00e9decins et M\u00e9decins-Dentistes\" \/>\n<meta property=\"article:publisher\" content=\"https:\/\/www.facebook.com\/ammd.lu\/\" \/>\n<meta property=\"article:published_time\" content=\"2025-01-31T09:05:24+00:00\" \/>\n<meta property=\"article:modified_time\" content=\"2025-02-07T07:58:09+00:00\" \/>\n<meta property=\"og:image\" content=\"https:\/\/ammd.lu\/wp-content\/uploads\/2025\/02\/rtl.jpg\" \/>\n\t<meta property=\"og:image:width\" content=\"1400\" \/>\n\t<meta property=\"og:image:height\" content=\"843\" \/>\n\t<meta property=\"og:image:type\" content=\"image\/jpeg\" \/>\n<meta name=\"author\" content=\"AMMD\" \/>\n<meta name=\"twitter:card\" content=\"summary_large_image\" \/>\n<meta name=\"twitter:label1\" content=\"\u00c9crit par\" \/>\n\t<meta name=\"twitter:data1\" content=\"AMMD\" \/>\n\t<meta name=\"twitter:label2\" content=\"Dur\u00e9e de lecture estim\u00e9e\" \/>\n\t<meta name=\"twitter:data2\" content=\"3 minutes\" \/>\n<script type=\"application\/ld+json\" class=\"yoast-schema-graph\">{\"@context\":\"https:\/\/schema.org\",\"@graph\":[{\"@type\":\"Article\",\"@id\":\"https:\/\/ammd.lu\/fr\/medecine-generale-un-pilier-du-systeme-de-sante\/#article\",\"isPartOf\":{\"@id\":\"https:\/\/ammd.lu\/fr\/medecine-generale-un-pilier-du-systeme-de-sante\/\"},\"author\":{\"name\":\"AMMD\",\"@id\":\"https:\/\/ammd.lu\/fr\/#\/schema\/person\/66ee26569038d161b17764ba3b351a32\"},\"headline\":\"M\u00e9decine g\u00e9n\u00e9rale : un pilier du syst\u00e8me de sant\u00e9\",\"datePublished\":\"2025-01-31T09:05:24+00:00\",\"dateModified\":\"2025-02-07T07:58:09+00:00\",\"mainEntityOfPage\":{\"@id\":\"https:\/\/ammd.lu\/fr\/medecine-generale-un-pilier-du-systeme-de-sante\/\"},\"wordCount\":300,\"commentCount\":0,\"publisher\":{\"@id\":\"https:\/\/ammd.lu\/fr\/#organization\"},\"image\":{\"@id\":\"https:\/\/ammd.lu\/fr\/medecine-generale-un-pilier-du-systeme-de-sante\/#primaryimage\"},\"thumbnailUrl\":\"https:\/\/ammd.lu\/wp-content\/uploads\/2025\/02\/rtl.jpg\",\"keywords\":[\"AMMD\",\"luxembourg\",\"M\u00e9decine g\u00e9n\u00e9rale\"],\"articleSection\":[\"G\u00e9n\u00e9ral\"],\"inLanguage\":\"fr-FR\",\"potentialAction\":[{\"@type\":\"CommentAction\",\"name\":\"Comment\",\"target\":[\"https:\/\/ammd.lu\/fr\/medecine-generale-un-pilier-du-systeme-de-sante\/#respond\"]}]},{\"@type\":\"WebPage\",\"@id\":\"https:\/\/ammd.lu\/fr\/medecine-generale-un-pilier-du-systeme-de-sante\/\",\"url\":\"https:\/\/ammd.lu\/fr\/medecine-generale-un-pilier-du-systeme-de-sante\/\",\"name\":\"M\u00e9decine g\u00e9n\u00e9rale : un pilier du syst\u00e8me de sant\u00e9 - Association des M\u00e9decins et M\u00e9decins-Dentistes\",\"isPartOf\":{\"@id\":\"https:\/\/ammd.lu\/fr\/#website\"},\"primaryImageOfPage\":{\"@id\":\"https:\/\/ammd.lu\/fr\/medecine-generale-un-pilier-du-systeme-de-sante\/#primaryimage\"},\"image\":{\"@id\":\"https:\/\/ammd.lu\/fr\/medecine-generale-un-pilier-du-systeme-de-sante\/#primaryimage\"},\"thumbnailUrl\":\"https:\/\/ammd.lu\/wp-content\/uploads\/2025\/02\/rtl.jpg\",\"datePublished\":\"2025-01-31T09:05:24+00:00\",\"dateModified\":\"2025-02-07T07:58:09+00:00\",\"breadcrumb\":{\"@id\":\"https:\/\/ammd.lu\/fr\/medecine-generale-un-pilier-du-systeme-de-sante\/#breadcrumb\"},\"inLanguage\":\"fr-FR\",\"potentialAction\":[{\"@type\":\"ReadAction\",\"target\":[\"https:\/\/ammd.lu\/fr\/medecine-generale-un-pilier-du-systeme-de-sante\/\"]}]},{\"@type\":\"ImageObject\",\"inLanguage\":\"fr-FR\",\"@id\":\"https:\/\/ammd.lu\/fr\/medecine-generale-un-pilier-du-systeme-de-sante\/#primaryimage\",\"url\":\"https:\/\/ammd.lu\/wp-content\/uploads\/2025\/02\/rtl.jpg\",\"contentUrl\":\"https:\/\/ammd.lu\/wp-content\/uploads\/2025\/02\/rtl.jpg\",\"width\":1400,\"height\":843,\"caption\":\"Screenshot\"},{\"@type\":\"BreadcrumbList\",\"@id\":\"https:\/\/ammd.lu\/fr\/medecine-generale-un-pilier-du-systeme-de-sante\/#breadcrumb\",\"itemListElement\":[{\"@type\":\"ListItem\",\"position\":1,\"name\":\"Accueil\",\"item\":\"https:\/\/ammd.lu\/fr\/\"},{\"@type\":\"ListItem\",\"position\":2,\"name\":\"M\u00e9decine g\u00e9n\u00e9rale : un pilier du syst\u00e8me de sant\u00e9\"}]},{\"@type\":\"WebSite\",\"@id\":\"https:\/\/ammd.lu\/fr\/#website\",\"url\":\"https:\/\/ammd.lu\/fr\/\",\"name\":\"Association des M\u00e9decins et M\u00e9decins-Dentistes\",\"description\":\"AMMD\",\"publisher\":{\"@id\":\"https:\/\/ammd.lu\/fr\/#organization\"},\"potentialAction\":[{\"@type\":\"SearchAction\",\"target\":{\"@type\":\"EntryPoint\",\"urlTemplate\":\"https:\/\/ammd.lu\/fr\/?s={search_term_string}\"},\"query-input\":{\"@type\":\"PropertyValueSpecification\",\"valueRequired\":true,\"valueName\":\"search_term_string\"}}],\"inLanguage\":\"fr-FR\"},{\"@type\":\"Organization\",\"@id\":\"https:\/\/ammd.lu\/fr\/#organization\",\"name\":\"Association des M\u00e9decins et M\u00e9decins-Dentistes\",\"url\":\"https:\/\/ammd.lu\/fr\/\",\"logo\":{\"@type\":\"ImageObject\",\"inLanguage\":\"fr-FR\",\"@id\":\"https:\/\/ammd.lu\/fr\/#\/schema\/logo\/image\/\",\"url\":\"https:\/\/ammd.lu\/wp-content\/uploads\/2025\/03\/AMMD-Open-graph-image.png\",\"contentUrl\":\"https:\/\/ammd.lu\/wp-content\/uploads\/2025\/03\/AMMD-Open-graph-image.png\",\"width\":1200,\"height\":630,\"caption\":\"Association des M\u00e9decins et M\u00e9decins-Dentistes\"},\"image\":{\"@id\":\"https:\/\/ammd.lu\/fr\/#\/schema\/logo\/image\/\"},\"sameAs\":[\"https:\/\/www.facebook.com\/ammd.lu\/\"]},{\"@type\":\"Person\",\"@id\":\"https:\/\/ammd.lu\/fr\/#\/schema\/person\/66ee26569038d161b17764ba3b351a32\",\"name\":\"AMMD\",\"image\":{\"@type\":\"ImageObject\",\"inLanguage\":\"fr-FR\",\"@id\":\"https:\/\/ammd.lu\/fr\/#\/schema\/person\/image\/\",\"url\":\"https:\/\/secure.gravatar.com\/avatar\/28a85ad305b7c36bdd9b5561750f994906e52c9f38f83b3f1cd66629b035a85e?s=96&d=mm&r=g\",\"contentUrl\":\"https:\/\/secure.gravatar.com\/avatar\/28a85ad305b7c36bdd9b5561750f994906e52c9f38f83b3f1cd66629b035a85e?s=96&d=mm&r=g\",\"caption\":\"AMMD\"}}]}<\/script>\n<!-- \/ Yoast SEO plugin. -->","yoast_head_json":{"title":"M\u00e9decine g\u00e9n\u00e9rale : un pilier du syst\u00e8me de sant\u00e9 - Association des M\u00e9decins et M\u00e9decins-Dentistes","robots":{"index":"index","follow":"follow","max-snippet":"max-snippet:-1","max-image-preview":"max-image-preview:large","max-video-preview":"max-video-preview:-1"},"canonical":"https:\/\/ammd.lu\/fr\/medecine-generale-un-pilier-du-systeme-de-sante\/","og_locale":"fr_FR","og_type":"article","og_title":"M\u00e9decine g\u00e9n\u00e9rale : un pilier du syst\u00e8me de sant\u00e9 - Association des M\u00e9decins et M\u00e9decins-Dentistes","og_description":"Environ 30 % de la population au Luxembourg n&rsquo;a pas de m\u00e9decin g\u00e9n\u00e9raliste attir\u00e9 &#8211; un probl\u00e8me notamment d\u00fb \u00e0 un manque d&rsquo;information sur le r\u00f4le de la m\u00e9decine g\u00e9n\u00e9rale. Dans de nombreux pays, il n&rsquo;existe que des polycliniques ou des services d&rsquo;urgence, ce qui fait que le concept de m\u00e9decine g\u00e9n\u00e9rale est peu connu. [&hellip;]","og_url":"https:\/\/ammd.lu\/fr\/medecine-generale-un-pilier-du-systeme-de-sante\/","og_site_name":"Association des M\u00e9decins et M\u00e9decins-Dentistes","article_publisher":"https:\/\/www.facebook.com\/ammd.lu\/","article_published_time":"2025-01-31T09:05:24+00:00","article_modified_time":"2025-02-07T07:58:09+00:00","og_image":[{"width":1400,"height":843,"url":"https:\/\/ammd.lu\/wp-content\/uploads\/2025\/02\/rtl.jpg","type":"image\/jpeg"}],"author":"AMMD","twitter_card":"summary_large_image","twitter_misc":{"\u00c9crit par":"AMMD","Dur\u00e9e de lecture estim\u00e9e":"3 minutes"},"schema":{"@context":"https:\/\/schema.org","@graph":[{"@type":"Article","@id":"https:\/\/ammd.lu\/fr\/medecine-generale-un-pilier-du-systeme-de-sante\/#article","isPartOf":{"@id":"https:\/\/ammd.lu\/fr\/medecine-generale-un-pilier-du-systeme-de-sante\/"},"author":{"name":"AMMD","@id":"https:\/\/ammd.lu\/fr\/#\/schema\/person\/66ee26569038d161b17764ba3b351a32"},"headline":"M\u00e9decine g\u00e9n\u00e9rale : un pilier du syst\u00e8me de sant\u00e9","datePublished":"2025-01-31T09:05:24+00:00","dateModified":"2025-02-07T07:58:09+00:00","mainEntityOfPage":{"@id":"https:\/\/ammd.lu\/fr\/medecine-generale-un-pilier-du-systeme-de-sante\/"},"wordCount":300,"commentCount":0,"publisher":{"@id":"https:\/\/ammd.lu\/fr\/#organization"},"image":{"@id":"https:\/\/ammd.lu\/fr\/medecine-generale-un-pilier-du-systeme-de-sante\/#primaryimage"},"thumbnailUrl":"https:\/\/ammd.lu\/wp-content\/uploads\/2025\/02\/rtl.jpg","keywords":["AMMD","luxembourg","M\u00e9decine g\u00e9n\u00e9rale"],"articleSection":["G\u00e9n\u00e9ral"],"inLanguage":"fr-FR","potentialAction":[{"@type":"CommentAction","name":"Comment","target":["https:\/\/ammd.lu\/fr\/medecine-generale-un-pilier-du-systeme-de-sante\/#respond"]}]},{"@type":"WebPage","@id":"https:\/\/ammd.lu\/fr\/medecine-generale-un-pilier-du-systeme-de-sante\/","url":"https:\/\/ammd.lu\/fr\/medecine-generale-un-pilier-du-systeme-de-sante\/","name":"M\u00e9decine g\u00e9n\u00e9rale : un pilier du syst\u00e8me de sant\u00e9 - Association des M\u00e9decins et M\u00e9decins-Dentistes","isPartOf":{"@id":"https:\/\/ammd.lu\/fr\/#website"},"primaryImageOfPage":{"@id":"https:\/\/ammd.lu\/fr\/medecine-generale-un-pilier-du-systeme-de-sante\/#primaryimage"},"image":{"@id":"https:\/\/ammd.lu\/fr\/medecine-generale-un-pilier-du-systeme-de-sante\/#primaryimage"},"thumbnailUrl":"https:\/\/ammd.lu\/wp-content\/uploads\/2025\/02\/rtl.jpg","datePublished":"2025-01-31T09:05:24+00:00","dateModified":"2025-02-07T07:58:09+00:00","breadcrumb":{"@id":"https:\/\/ammd.lu\/fr\/medecine-generale-un-pilier-du-systeme-de-sante\/#breadcrumb"},"inLanguage":"fr-FR","potentialAction":[{"@type":"ReadAction","target":["https:\/\/ammd.lu\/fr\/medecine-generale-un-pilier-du-systeme-de-sante\/"]}]},{"@type":"ImageObject","inLanguage":"fr-FR","@id":"https:\/\/ammd.lu\/fr\/medecine-generale-un-pilier-du-systeme-de-sante\/#primaryimage","url":"https:\/\/ammd.lu\/wp-content\/uploads\/2025\/02\/rtl.jpg","contentUrl":"https:\/\/ammd.lu\/wp-content\/uploads\/2025\/02\/rtl.jpg","width":1400,"height":843,"caption":"Screenshot"},{"@type":"BreadcrumbList","@id":"https:\/\/ammd.lu\/fr\/medecine-generale-un-pilier-du-systeme-de-sante\/#breadcrumb","itemListElement":[{"@type":"ListItem","position":1,"name":"Accueil","item":"https:\/\/ammd.lu\/fr\/"},{"@type":"ListItem","position":2,"name":"M\u00e9decine g\u00e9n\u00e9rale : un pilier du syst\u00e8me de sant\u00e9"}]},{"@type":"WebSite","@id":"https:\/\/ammd.lu\/fr\/#website","url":"https:\/\/ammd.lu\/fr\/","name":"Association des M\u00e9decins et M\u00e9decins-Dentistes","description":"AMMD","publisher":{"@id":"https:\/\/ammd.lu\/fr\/#organization"},"potentialAction":[{"@type":"SearchAction","target":{"@type":"EntryPoint","urlTemplate":"https:\/\/ammd.lu\/fr\/?s={search_term_string}"},"query-input":{"@type":"PropertyValueSpecification","valueRequired":true,"valueName":"search_term_string"}}],"inLanguage":"fr-FR"},{"@type":"Organization","@id":"https:\/\/ammd.lu\/fr\/#organization","name":"Association des M\u00e9decins et M\u00e9decins-Dentistes","url":"https:\/\/ammd.lu\/fr\/","logo":{"@type":"ImageObject","inLanguage":"fr-FR","@id":"https:\/\/ammd.lu\/fr\/#\/schema\/logo\/image\/","url":"https:\/\/ammd.lu\/wp-content\/uploads\/2025\/03\/AMMD-Open-graph-image.png","contentUrl":"https:\/\/ammd.lu\/wp-content\/uploads\/2025\/03\/AMMD-Open-graph-image.png","width":1200,"height":630,"caption":"Association des M\u00e9decins et M\u00e9decins-Dentistes"},"image":{"@id":"https:\/\/ammd.lu\/fr\/#\/schema\/logo\/image\/"},"sameAs":["https:\/\/www.facebook.com\/ammd.lu\/"]},{"@type":"Person","@id":"https:\/\/ammd.lu\/fr\/#\/schema\/person\/66ee26569038d161b17764ba3b351a32","name":"AMMD","image":{"@type":"ImageObject","inLanguage":"fr-FR","@id":"https:\/\/ammd.lu\/fr\/#\/schema\/person\/image\/","url":"https:\/\/secure.gravatar.com\/avatar\/28a85ad305b7c36bdd9b5561750f994906e52c9f38f83b3f1cd66629b035a85e?s=96&d=mm&r=g","contentUrl":"https:\/\/secure.gravatar.com\/avatar\/28a85ad305b7c36bdd9b5561750f994906e52c9f38f83b3f1cd66629b035a85e?s=96&d=mm&r=g","caption":"AMMD"}}]}},"_links":{"self":[{"href":"https:\/\/ammd.lu\/fr\/wp-json\/wp\/v2\/posts\/1587","targetHints":{"allow":["GET"]}}],"collection":[{"href":"https:\/\/ammd.lu\/fr\/wp-json\/wp\/v2\/posts"}],"about":[{"href":"https:\/\/ammd.lu\/fr\/wp-json\/wp\/v2\/types\/post"}],"author":[{"embeddable":true,"href":"https:\/\/ammd.lu\/fr\/wp-json\/wp\/v2\/users\/10"}],"replies":[{"embeddable":true,"href":"https:\/\/ammd.lu\/fr\/wp-json\/wp\/v2\/comments?post=1587"}],"version-history":[{"count":3,"href":"https:\/\/ammd.lu\/fr\/wp-json\/wp\/v2\/posts\/1587\/revisions"}],"predecessor-version":[{"id":1849,"href":"https:\/\/ammd.lu\/fr\/wp-json\/wp\/v2\/posts\/1587\/revisions\/1849"}],"wp:featuredmedia":[{"embeddable":true,"href":"https:\/\/ammd.lu\/fr\/wp-json\/wp\/v2\/media\/1585"}],"wp:attachment":[{"href":"https:\/\/ammd.lu\/fr\/wp-json\/wp\/v2\/media?parent=1587"}],"wp:term":[{"taxonomy":"category","embeddable":true,"href":"https:\/\/ammd.lu\/fr\/wp-json\/wp\/v2\/categories?post=1587"},{"taxonomy":"post_tag","embeddable":true,"href":"https:\/\/ammd.lu\/fr\/wp-json\/wp\/v2\/tags?post=1587"}],"curies":[{"name":"wp","href":"https:\/\/api.w.org\/{rel}","templated":true}]}}