{"id":109,"date":"2025-01-16T13:00:48","date_gmt":"2025-01-16T13:00:48","guid":{"rendered":"https:\/\/ammd.themesawesome.com\/?p=109"},"modified":"2025-02-07T09:02:58","modified_gmt":"2025-02-07T08:02:58","slug":"invite-vun-der-redaktioun-dr-roller","status":"publish","type":"post","link":"https:\/\/ammd.lu\/en\/invite-vun-der-redaktioun-dr-roller\/","title":{"rendered":"&#8220;30% of Luxembourg residents do not have a general practitioner&#8221;"},"content":{"rendered":"\r\n<p class=\"article-body__summary\">En Donneschdeg de Moie war \u00ebnner anerem d&#8217;Situatioun an der Sant\u00e9 Thema an der Emissioun &#8220;Invit\u00e9 vun der Redaktioun&#8221;.<\/p>\r\n<div class=\"article-body__detail js-article-body-detail\">\r\n<p>D\u2019AMMD, d\u2019Associatioun vun den Dokteren an Z\u00e4nndokteren, huet en neie Comit\u00e9 an en neie President: den Dr. Chris Roller. Hien ass Urolog an den H\u00f4pitaux Robert Schuman a war en Donneschdeg de Moien eisen Invit\u00e9 vun der Redaktioun. Bis elo h\u00e4tt ee konstruktiv Gespr\u00e9icher mat der Gesondheetsministesch Martine Deprez. Si g\u00e9if op den Terrain kommen, nolauschteren a Ried an \u00c4ntwert stoen.\u00a0<br \/>\u00a0<br \/>Suerge maachen nach \u00ebmmer d\u00e9i laang Delaie bei Spezialisten an an den Urgencen. Eng Erkl\u00e4rung wier, datt d&#8217;Leit g\u00e4ren direkt bei de Spezialist ginn, amplaz bei den Hausdokter, dee Spezialisten an Urgenc\u00eb k\u00e9int entlaaschten. 30% vun de Leit am Land h\u00e4tten och guer keen Hausdokter. Do wier Sensibilis\u00e9ierungsaarbecht n\u00e9ideg.<br \/>\u00a0<br \/>Dernieft misst d\u00e9i ambulant Medezin weider ausgebaut ginn. Et w\u00e4r wichteg de Patienten eng Offer ze bidden, d\u00e9i d\u2019Spideeler g\u00e9if entlaaschten. Net alles misst am Spidol gemaach ginn. Am Ausland g\u00e9if et deels och esou gemaach ginn.<br \/>\u00a0<br \/>Wat de PID &#8211; de Paiement imm\u00e9diat direct &#8211; ugeet, do misst eemol e Bilan gezu ginn. S\u00e9cher w\u00e4r et interessant, fir de Patient n\u00e4ischt m\u00e9i musse beim Dokter virzestrecken. D\u2019Dokteren h\u00e4tten awer l\u00e9iwer m\u00e9i eng komplett Offer sou w\u00e9i d\u2019Gesondheetsapp, d\u00e9i App \u2013 DHN \u2013 d\u00e9i d\u2019AMMD entw\u00e9ckele gelooss huet an un d\u2019CNS verkaf huet. Do g\u00e9if de Patient m\u00e9i matabezu ginn, m\u00e9i am Detail zum Beispill d\u2019Rechnunge vun den Doktere gesinn an h\u00e4tt och Zougr\u00ebff op digital Dokumenter, sou w\u00e9i d\u2019Ordonnancen.<\/p>\r\n<\/div>\r\n","protected":false},"excerpt":{"rendered":"<p>En Donneschdeg de Moie war \u00ebnner anerem d&#8217;Situatioun an der Sant\u00e9 Thema an der Emissioun &#8220;Invit\u00e9 vun der Redaktioun&#8221;. D\u2019AMMD, d\u2019Associatioun vun den Dokteren an Z\u00e4nndokteren, huet en neie Comit\u00e9 an en neie President: den Dr. Chris Roller. Hien ass Urolog an den H\u00f4pitaux Robert Schuman a war en Donneschdeg de Moien eisen Invit\u00e9 vun [&hellip;]<\/p>\n","protected":false},"author":10,"featured_media":1533,"comment_status":"closed","ping_status":"closed","sticky":false,"template":"","format":"standard","meta":{"_acf_changed":false,"_bbp_topic_count":0,"_bbp_reply_count":0,"_bbp_total_topic_count":0,"_bbp_total_reply_count":0,"_bbp_voice_count":0,"_bbp_anonymous_reply_count":0,"_bbp_topic_count_hidden":0,"_bbp_reply_count_hidden":0,"_bbp_forum_subforum_count":0,"footnotes":""},"categories":[5],"tags":[28,46,45,26,47,34,44],"class_list":["post-109","post","type-post","status-publish","format-standard","has-post-thumbnail","hentry","category-general","tag-ammd","tag-dhn","tag-hausdokter","tag-luxembourg","tag-patienten","tag-pid","tag-sante"],"acf":[],"yoast_head":"<!-- This site is optimized with the Yoast SEO plugin v26.3 - https:\/\/yoast.com\/wordpress\/plugins\/seo\/ -->\n<title>&quot;30% of Luxembourg residents do not have a general practitioner&quot; - Association des M\u00e9decins et M\u00e9decins-Dentistes<\/title>\n<meta name=\"robots\" content=\"index, follow, max-snippet:-1, max-image-preview:large, max-video-preview:-1\" \/>\n<link rel=\"canonical\" href=\"https:\/\/ammd.lu\/en\/invite-vun-der-redaktioun-dr-roller\/\" \/>\n<meta property=\"og:locale\" content=\"en_US\" \/>\n<meta property=\"og:type\" content=\"article\" \/>\n<meta property=\"og:title\" content=\"&quot;30% of Luxembourg residents do not have a general practitioner&quot; - Association des M\u00e9decins et M\u00e9decins-Dentistes\" \/>\n<meta property=\"og:description\" content=\"En Donneschdeg de Moie war \u00ebnner anerem d&#8217;Situatioun an der Sant\u00e9 Thema an der Emissioun &#8220;Invit\u00e9 vun der Redaktioun&#8221;. D\u2019AMMD, d\u2019Associatioun vun den Dokteren an Z\u00e4nndokteren, huet en neie Comit\u00e9 an en neie President: den Dr. Chris Roller. Hien ass Urolog an den H\u00f4pitaux Robert Schuman a war en Donneschdeg de Moien eisen Invit\u00e9 vun [&hellip;]\" \/>\n<meta property=\"og:url\" content=\"https:\/\/ammd.lu\/en\/invite-vun-der-redaktioun-dr-roller\/\" \/>\n<meta property=\"og:site_name\" content=\"Association des M\u00e9decins et M\u00e9decins-Dentistes\" \/>\n<meta property=\"article:publisher\" content=\"https:\/\/www.facebook.com\/ammd.lu\/\" \/>\n<meta property=\"article:published_time\" content=\"2025-01-16T13:00:48+00:00\" \/>\n<meta property=\"article:modified_time\" content=\"2025-02-07T08:02:58+00:00\" \/>\n<meta property=\"og:image\" content=\"https:\/\/ammd.lu\/wp-content\/uploads\/2025\/01\/RTLInvite.png\" \/>\n\t<meta property=\"og:image:width\" content=\"1200\" \/>\n\t<meta property=\"og:image:height\" content=\"630\" \/>\n\t<meta property=\"og:image:type\" content=\"image\/png\" \/>\n<meta name=\"author\" content=\"AMMD\" \/>\n<meta name=\"twitter:card\" content=\"summary_large_image\" \/>\n<meta name=\"twitter:label1\" content=\"Written by\" \/>\n\t<meta name=\"twitter:data1\" content=\"AMMD\" \/>\n\t<meta name=\"twitter:label2\" content=\"Est. reading time\" \/>\n\t<meta name=\"twitter:data2\" content=\"2 minutes\" \/>\n<script type=\"application\/ld+json\" class=\"yoast-schema-graph\">{\"@context\":\"https:\/\/schema.org\",\"@graph\":[{\"@type\":\"Article\",\"@id\":\"https:\/\/ammd.lu\/en\/invite-vun-der-redaktioun-dr-roller\/#article\",\"isPartOf\":{\"@id\":\"https:\/\/ammd.lu\/en\/invite-vun-der-redaktioun-dr-roller\/\"},\"author\":{\"name\":\"AMMD\",\"@id\":\"https:\/\/ammd.lu\/en\/#\/schema\/person\/66ee26569038d161b17764ba3b351a32\"},\"headline\":\"&#8220;30% of Luxembourg residents do not have a general practitioner&#8221;\",\"datePublished\":\"2025-01-16T13:00:48+00:00\",\"dateModified\":\"2025-02-07T08:02:58+00:00\",\"mainEntityOfPage\":{\"@id\":\"https:\/\/ammd.lu\/en\/invite-vun-der-redaktioun-dr-roller\/\"},\"wordCount\":301,\"publisher\":{\"@id\":\"https:\/\/ammd.lu\/en\/#organization\"},\"image\":{\"@id\":\"https:\/\/ammd.lu\/en\/invite-vun-der-redaktioun-dr-roller\/#primaryimage\"},\"thumbnailUrl\":\"https:\/\/ammd.lu\/wp-content\/uploads\/2025\/01\/RTLInvite.png\",\"keywords\":[\"AMMD\",\"DHN\",\"Hausdokter\",\"luxembourg\",\"Patienten\",\"PID\",\"Sant\u00e9\"],\"articleSection\":[\"General\"],\"inLanguage\":\"en-US\"},{\"@type\":\"WebPage\",\"@id\":\"https:\/\/ammd.lu\/en\/invite-vun-der-redaktioun-dr-roller\/\",\"url\":\"https:\/\/ammd.lu\/en\/invite-vun-der-redaktioun-dr-roller\/\",\"name\":\"\\\"30% of Luxembourg residents do not have a general practitioner\\\" - Association des M\u00e9decins et M\u00e9decins-Dentistes\",\"isPartOf\":{\"@id\":\"https:\/\/ammd.lu\/en\/#website\"},\"primaryImageOfPage\":{\"@id\":\"https:\/\/ammd.lu\/en\/invite-vun-der-redaktioun-dr-roller\/#primaryimage\"},\"image\":{\"@id\":\"https:\/\/ammd.lu\/en\/invite-vun-der-redaktioun-dr-roller\/#primaryimage\"},\"thumbnailUrl\":\"https:\/\/ammd.lu\/wp-content\/uploads\/2025\/01\/RTLInvite.png\",\"datePublished\":\"2025-01-16T13:00:48+00:00\",\"dateModified\":\"2025-02-07T08:02:58+00:00\",\"breadcrumb\":{\"@id\":\"https:\/\/ammd.lu\/en\/invite-vun-der-redaktioun-dr-roller\/#breadcrumb\"},\"inLanguage\":\"en-US\",\"potentialAction\":[{\"@type\":\"ReadAction\",\"target\":[\"https:\/\/ammd.lu\/en\/invite-vun-der-redaktioun-dr-roller\/\"]}]},{\"@type\":\"ImageObject\",\"inLanguage\":\"en-US\",\"@id\":\"https:\/\/ammd.lu\/en\/invite-vun-der-redaktioun-dr-roller\/#primaryimage\",\"url\":\"https:\/\/ammd.lu\/wp-content\/uploads\/2025\/01\/RTLInvite.png\",\"contentUrl\":\"https:\/\/ammd.lu\/wp-content\/uploads\/2025\/01\/RTLInvite.png\",\"width\":1200,\"height\":630},{\"@type\":\"BreadcrumbList\",\"@id\":\"https:\/\/ammd.lu\/en\/invite-vun-der-redaktioun-dr-roller\/#breadcrumb\",\"itemListElement\":[{\"@type\":\"ListItem\",\"position\":1,\"name\":\"Accueil\",\"item\":\"https:\/\/ammd.lu\/en\/\"},{\"@type\":\"ListItem\",\"position\":2,\"name\":\"\u00ab\u00a030% of Luxembourg residents do not have a general practitioner\u00a0\u00bb\"}]},{\"@type\":\"WebSite\",\"@id\":\"https:\/\/ammd.lu\/en\/#website\",\"url\":\"https:\/\/ammd.lu\/en\/\",\"name\":\"Association des M\u00e9decins et M\u00e9decins-Dentistes\",\"description\":\"AMMD\",\"publisher\":{\"@id\":\"https:\/\/ammd.lu\/en\/#organization\"},\"potentialAction\":[{\"@type\":\"SearchAction\",\"target\":{\"@type\":\"EntryPoint\",\"urlTemplate\":\"https:\/\/ammd.lu\/en\/?s={search_term_string}\"},\"query-input\":{\"@type\":\"PropertyValueSpecification\",\"valueRequired\":true,\"valueName\":\"search_term_string\"}}],\"inLanguage\":\"en-US\"},{\"@type\":\"Organization\",\"@id\":\"https:\/\/ammd.lu\/en\/#organization\",\"name\":\"Association des M\u00e9decins et M\u00e9decins-Dentistes\",\"url\":\"https:\/\/ammd.lu\/en\/\",\"logo\":{\"@type\":\"ImageObject\",\"inLanguage\":\"en-US\",\"@id\":\"https:\/\/ammd.lu\/en\/#\/schema\/logo\/image\/\",\"url\":\"https:\/\/ammd.lu\/wp-content\/uploads\/2025\/03\/AMMD-Open-graph-image.png\",\"contentUrl\":\"https:\/\/ammd.lu\/wp-content\/uploads\/2025\/03\/AMMD-Open-graph-image.png\",\"width\":1200,\"height\":630,\"caption\":\"Association des M\u00e9decins et M\u00e9decins-Dentistes\"},\"image\":{\"@id\":\"https:\/\/ammd.lu\/en\/#\/schema\/logo\/image\/\"},\"sameAs\":[\"https:\/\/www.facebook.com\/ammd.lu\/\"]},{\"@type\":\"Person\",\"@id\":\"https:\/\/ammd.lu\/en\/#\/schema\/person\/66ee26569038d161b17764ba3b351a32\",\"name\":\"AMMD\",\"image\":{\"@type\":\"ImageObject\",\"inLanguage\":\"en-US\",\"@id\":\"https:\/\/ammd.lu\/en\/#\/schema\/person\/image\/\",\"url\":\"https:\/\/secure.gravatar.com\/avatar\/28a85ad305b7c36bdd9b5561750f994906e52c9f38f83b3f1cd66629b035a85e?s=96&d=mm&r=g\",\"contentUrl\":\"https:\/\/secure.gravatar.com\/avatar\/28a85ad305b7c36bdd9b5561750f994906e52c9f38f83b3f1cd66629b035a85e?s=96&d=mm&r=g\",\"caption\":\"AMMD\"}}]}<\/script>\n<!-- \/ Yoast SEO plugin. -->","yoast_head_json":{"title":"\"30% of Luxembourg residents do not have a general practitioner\" - Association des M\u00e9decins et M\u00e9decins-Dentistes","robots":{"index":"index","follow":"follow","max-snippet":"max-snippet:-1","max-image-preview":"max-image-preview:large","max-video-preview":"max-video-preview:-1"},"canonical":"https:\/\/ammd.lu\/en\/invite-vun-der-redaktioun-dr-roller\/","og_locale":"en_US","og_type":"article","og_title":"\"30% of Luxembourg residents do not have a general practitioner\" - Association des M\u00e9decins et M\u00e9decins-Dentistes","og_description":"En Donneschdeg de Moie war \u00ebnner anerem d&#8217;Situatioun an der Sant\u00e9 Thema an der Emissioun &#8220;Invit\u00e9 vun der Redaktioun&#8221;. D\u2019AMMD, d\u2019Associatioun vun den Dokteren an Z\u00e4nndokteren, huet en neie Comit\u00e9 an en neie President: den Dr. Chris Roller. Hien ass Urolog an den H\u00f4pitaux Robert Schuman a war en Donneschdeg de Moien eisen Invit\u00e9 vun [&hellip;]","og_url":"https:\/\/ammd.lu\/en\/invite-vun-der-redaktioun-dr-roller\/","og_site_name":"Association des M\u00e9decins et M\u00e9decins-Dentistes","article_publisher":"https:\/\/www.facebook.com\/ammd.lu\/","article_published_time":"2025-01-16T13:00:48+00:00","article_modified_time":"2025-02-07T08:02:58+00:00","og_image":[{"width":1200,"height":630,"url":"https:\/\/ammd.lu\/wp-content\/uploads\/2025\/01\/RTLInvite.png","type":"image\/png"}],"author":"AMMD","twitter_card":"summary_large_image","twitter_misc":{"Written by":"AMMD","Est. reading time":"2 minutes"},"schema":{"@context":"https:\/\/schema.org","@graph":[{"@type":"Article","@id":"https:\/\/ammd.lu\/en\/invite-vun-der-redaktioun-dr-roller\/#article","isPartOf":{"@id":"https:\/\/ammd.lu\/en\/invite-vun-der-redaktioun-dr-roller\/"},"author":{"name":"AMMD","@id":"https:\/\/ammd.lu\/en\/#\/schema\/person\/66ee26569038d161b17764ba3b351a32"},"headline":"&#8220;30% of Luxembourg residents do not have a general practitioner&#8221;","datePublished":"2025-01-16T13:00:48+00:00","dateModified":"2025-02-07T08:02:58+00:00","mainEntityOfPage":{"@id":"https:\/\/ammd.lu\/en\/invite-vun-der-redaktioun-dr-roller\/"},"wordCount":301,"publisher":{"@id":"https:\/\/ammd.lu\/en\/#organization"},"image":{"@id":"https:\/\/ammd.lu\/en\/invite-vun-der-redaktioun-dr-roller\/#primaryimage"},"thumbnailUrl":"https:\/\/ammd.lu\/wp-content\/uploads\/2025\/01\/RTLInvite.png","keywords":["AMMD","DHN","Hausdokter","luxembourg","Patienten","PID","Sant\u00e9"],"articleSection":["General"],"inLanguage":"en-US"},{"@type":"WebPage","@id":"https:\/\/ammd.lu\/en\/invite-vun-der-redaktioun-dr-roller\/","url":"https:\/\/ammd.lu\/en\/invite-vun-der-redaktioun-dr-roller\/","name":"\"30% of Luxembourg residents do not have a general practitioner\" - Association des M\u00e9decins et M\u00e9decins-Dentistes","isPartOf":{"@id":"https:\/\/ammd.lu\/en\/#website"},"primaryImageOfPage":{"@id":"https:\/\/ammd.lu\/en\/invite-vun-der-redaktioun-dr-roller\/#primaryimage"},"image":{"@id":"https:\/\/ammd.lu\/en\/invite-vun-der-redaktioun-dr-roller\/#primaryimage"},"thumbnailUrl":"https:\/\/ammd.lu\/wp-content\/uploads\/2025\/01\/RTLInvite.png","datePublished":"2025-01-16T13:00:48+00:00","dateModified":"2025-02-07T08:02:58+00:00","breadcrumb":{"@id":"https:\/\/ammd.lu\/en\/invite-vun-der-redaktioun-dr-roller\/#breadcrumb"},"inLanguage":"en-US","potentialAction":[{"@type":"ReadAction","target":["https:\/\/ammd.lu\/en\/invite-vun-der-redaktioun-dr-roller\/"]}]},{"@type":"ImageObject","inLanguage":"en-US","@id":"https:\/\/ammd.lu\/en\/invite-vun-der-redaktioun-dr-roller\/#primaryimage","url":"https:\/\/ammd.lu\/wp-content\/uploads\/2025\/01\/RTLInvite.png","contentUrl":"https:\/\/ammd.lu\/wp-content\/uploads\/2025\/01\/RTLInvite.png","width":1200,"height":630},{"@type":"BreadcrumbList","@id":"https:\/\/ammd.lu\/en\/invite-vun-der-redaktioun-dr-roller\/#breadcrumb","itemListElement":[{"@type":"ListItem","position":1,"name":"Accueil","item":"https:\/\/ammd.lu\/en\/"},{"@type":"ListItem","position":2,"name":"\u00ab\u00a030% of Luxembourg residents do not have a general practitioner\u00a0\u00bb"}]},{"@type":"WebSite","@id":"https:\/\/ammd.lu\/en\/#website","url":"https:\/\/ammd.lu\/en\/","name":"Association des M\u00e9decins et M\u00e9decins-Dentistes","description":"AMMD","publisher":{"@id":"https:\/\/ammd.lu\/en\/#organization"},"potentialAction":[{"@type":"SearchAction","target":{"@type":"EntryPoint","urlTemplate":"https:\/\/ammd.lu\/en\/?s={search_term_string}"},"query-input":{"@type":"PropertyValueSpecification","valueRequired":true,"valueName":"search_term_string"}}],"inLanguage":"en-US"},{"@type":"Organization","@id":"https:\/\/ammd.lu\/en\/#organization","name":"Association des M\u00e9decins et M\u00e9decins-Dentistes","url":"https:\/\/ammd.lu\/en\/","logo":{"@type":"ImageObject","inLanguage":"en-US","@id":"https:\/\/ammd.lu\/en\/#\/schema\/logo\/image\/","url":"https:\/\/ammd.lu\/wp-content\/uploads\/2025\/03\/AMMD-Open-graph-image.png","contentUrl":"https:\/\/ammd.lu\/wp-content\/uploads\/2025\/03\/AMMD-Open-graph-image.png","width":1200,"height":630,"caption":"Association des M\u00e9decins et M\u00e9decins-Dentistes"},"image":{"@id":"https:\/\/ammd.lu\/en\/#\/schema\/logo\/image\/"},"sameAs":["https:\/\/www.facebook.com\/ammd.lu\/"]},{"@type":"Person","@id":"https:\/\/ammd.lu\/en\/#\/schema\/person\/66ee26569038d161b17764ba3b351a32","name":"AMMD","image":{"@type":"ImageObject","inLanguage":"en-US","@id":"https:\/\/ammd.lu\/en\/#\/schema\/person\/image\/","url":"https:\/\/secure.gravatar.com\/avatar\/28a85ad305b7c36bdd9b5561750f994906e52c9f38f83b3f1cd66629b035a85e?s=96&d=mm&r=g","contentUrl":"https:\/\/secure.gravatar.com\/avatar\/28a85ad305b7c36bdd9b5561750f994906e52c9f38f83b3f1cd66629b035a85e?s=96&d=mm&r=g","caption":"AMMD"}}]}},"_links":{"self":[{"href":"https:\/\/ammd.lu\/en\/wp-json\/wp\/v2\/posts\/109","targetHints":{"allow":["GET"]}}],"collection":[{"href":"https:\/\/ammd.lu\/en\/wp-json\/wp\/v2\/posts"}],"about":[{"href":"https:\/\/ammd.lu\/en\/wp-json\/wp\/v2\/types\/post"}],"author":[{"embeddable":true,"href":"https:\/\/ammd.lu\/en\/wp-json\/wp\/v2\/users\/10"}],"replies":[{"embeddable":true,"href":"https:\/\/ammd.lu\/en\/wp-json\/wp\/v2\/comments?post=109"}],"version-history":[{"count":8,"href":"https:\/\/ammd.lu\/en\/wp-json\/wp\/v2\/posts\/109\/revisions"}],"predecessor-version":[{"id":1850,"href":"https:\/\/ammd.lu\/en\/wp-json\/wp\/v2\/posts\/109\/revisions\/1850"}],"wp:featuredmedia":[{"embeddable":true,"href":"https:\/\/ammd.lu\/en\/wp-json\/wp\/v2\/media\/1533"}],"wp:attachment":[{"href":"https:\/\/ammd.lu\/en\/wp-json\/wp\/v2\/media?parent=109"}],"wp:term":[{"taxonomy":"category","embeddable":true,"href":"https:\/\/ammd.lu\/en\/wp-json\/wp\/v2\/categories?post=109"},{"taxonomy":"post_tag","embeddable":true,"href":"https:\/\/ammd.lu\/en\/wp-json\/wp\/v2\/tags?post=109"}],"curies":[{"name":"wp","href":"https:\/\/api.w.org\/{rel}","templated":true}]}}